{"id":10906,"date":"2022-03-24T15:46:24","date_gmt":"2022-03-24T19:46:24","guid":{"rendered":"https:\/\/post-moderne.com\/2022\/03\/artiste-vfx-motion-design\/"},"modified":"2022-08-29T10:50:11","modified_gmt":"2022-08-29T14:50:11","slug":"artiste-vfx-motion-design","status":"publish","type":"post","link":"https:\/\/post-moderne.com\/en\/2022\/03\/artiste-vfx-motion-design\/","title":{"rendered":"ARTIST VFX\/MOTION DESIGN"},"content":{"rendered":"<p><b>Description du poste<\/b><\/p>\n<p><span style=\"font-weight: 400;\">L\u2019Artiste VFX\/Motion designer r\u00e9alise les effets visuels des diff\u00e9rents projets des clients de Post-Moderne (longs-m\u00e9trages de fiction, documentaires, s\u00e9rie t\u00e9l\u00e9, courts-m\u00e9trages et films publicitaires).\u00a0 Il<\/span><span style=\"font-weight: 400;\">\u00b7<\/span><span style=\"font-weight: 400;\">elle doit savoir r\u00e9pondre aux demandes des clients (r\u00e9alisateurs, producteurs, \u00e9quipe cr\u00e9ative) et \u00eatre capable de comprendre leur vision. Il<\/span><span style=\"font-weight: 400;\">\u00b7<\/span><span style=\"font-weight: 400;\">elle travaille en \u00e9troite collaboration avec l\u2019\u00e9quipe d\u2019assistant<\/span><span style=\"font-weight: 400;\">\u00b7<\/span><span style=\"font-weight: 400;\">e<\/span><span style=\"font-weight: 400;\">\u00b7<\/span><span style=\"font-weight: 400;\">s moteurs, les coordonnateurs<\/span><span style=\"font-weight: 400;\">\u00b7<\/span><span style=\"font-weight: 400;\">trices et les artistes \u00e0 l\u2019interne.\u00a0<\/span><\/p>\n<p><b>Principales responsabilit\u00e9s<\/b><\/p>\n<ul>\n<li style=\"font-weight: 400;\" aria-level=\"1\"><span style=\"font-weight: 400;\">D\u00e9finir les besoins et r\u00e9pondre aux questionnements des clients en salle et \u00e0 distance<\/span><\/li>\n<li style=\"font-weight: 400;\" aria-level=\"1\"><span style=\"font-weight: 400;\">Am\u00e9liorer et retoucher l\u2019image selon les demandes des clients (stabilisation, effacement, remplacement, etc.)<\/span><\/li>\n<li style=\"font-weight: 400;\" aria-level=\"1\"><span style=\"font-weight: 400;\">R\u00e9aliser des animations 2D (et animation 3D un atout)<\/span><\/li>\n<li style=\"font-weight: 400;\" aria-level=\"1\"><span style=\"font-weight: 400;\">Cr\u00e9er et animer des \u00e9l\u00e9ments graphiques (motion design)<\/span><\/li>\n<li style=\"font-weight: 400;\" aria-level=\"1\"><span style=\"font-weight: 400;\">Assurer et maintenir la qualit\u00e9 artistique et technique des images<\/span><\/li>\n<li style=\"font-weight: 400;\" aria-level=\"1\"><span style=\"font-weight: 400;\">Faire des exports dans tous les formats et codecs n\u00e9cessaires<\/span><\/li>\n<li style=\"font-weight: 400;\" aria-level=\"1\"><span style=\"font-weight: 400;\">Veiller au classement et \u00e0 l\u2019archivage de ses projets selon la nomenclature et les proc\u00e9dures en place<\/span><\/li>\n<li style=\"font-weight: 400;\" aria-level=\"1\"><span style=\"font-weight: 400;\">De pair avec les coordonnateurs\u00b7trices, participer \u00e0 l\u2019\u00e9valuation du travail \u00e0 effectuer\u00a0<\/span><\/li>\n<li style=\"font-weight: 400;\" aria-level=\"1\"><span style=\"font-weight: 400;\">Valider les sp\u00e9cifications techniques de tout fichier re\u00e7u<\/span><\/li>\n<\/ul>\n<ul>\n<li style=\"font-weight: 400;\" aria-level=\"1\"><span style=\"font-weight: 400;\">Assurer un contr\u00f4le de qualit\u00e9 sur tout travail effectu\u00e9<\/span><\/li>\n<li style=\"font-weight: 400;\" aria-level=\"1\"><span style=\"font-weight: 400;\">Communiquer l\u2019\u00e9volution du travail de fa\u00e7on continue aupr\u00e8s des coordonnateurs<\/span><span style=\"font-weight: 400;\">\u00b7<\/span><span style=\"font-weight: 400;\">trices<\/span><\/li>\n<li style=\"font-weight: 400;\" aria-level=\"1\"><span style=\"font-weight: 400;\">Participer activement aux processus d\u2019am\u00e9lioration continue, au d\u00e9veloppement technologique et \u00e0 la formation d\u2019autres employ\u00e9s<\/span><\/li>\n<\/ul>\n<p><b>Qualit\u00e9 et comp\u00e9tences requises\u00a0<\/b><\/p>\n<ul>\n<li style=\"font-weight: 400;\" aria-level=\"1\"><span style=\"font-weight: 400;\">DEC ou BAC dans le domaine de la postproduction ou de la production<\/span><\/li>\n<li style=\"font-weight: 400;\" aria-level=\"1\"><span style=\"font-weight: 400;\">2 \u00e0 3 ann\u00e9es d\u2019exp\u00e9rience en montage de finition<\/span><\/li>\n<li style=\"font-weight: 400;\" aria-level=\"1\"><span style=\"font-weight: 400;\">Exp\u00e9riences de sessions clients<\/span><\/li>\n<li style=\"font-weight: 400;\" aria-level=\"1\"><span style=\"font-weight: 400;\">Tr\u00e8s bonnes connaissances des logiciels : Davinci Resolve et de la suite Adobe Creative Cloud (After Effect, Premiere, Photoshop)<\/span><\/li>\n<li style=\"font-weight: 400;\" aria-level=\"1\"><span style=\"font-weight: 400;\">Bonnes connaissances des codecs vid\u00e9o, des notions d&#8217;espaces couleur et des formats de fichiers<\/span><\/li>\n<li style=\"font-weight: 400;\" aria-level=\"1\"><span style=\"font-weight: 400;\">Tr\u00e8s bon sens de l\u2019organisation et de gestion des priorit\u00e9s.<\/span><\/li>\n<li style=\"font-weight: 400;\" aria-level=\"1\"><span style=\"font-weight: 400;\">Bilinguisme requis<\/span><\/li>\n<\/ul>\n<p>&nbsp;<\/p>\n<p><b>\u00c0 propos de Post-Moderne<\/b><\/p>\n<p><span style=\"font-weight: 400;\">Situ\u00e9e en plein c\u0153ur du Mile-End, Post-Moderne est une maison de postproduction et de location de cam\u00e9ras oeuvrant dans les domaines du cin\u00e9ma, de la publicit\u00e9 et de la t\u00e9l\u00e9vision depuis pr\u00e8s de 20 ans.\u00a0<\/span><\/p>\n<p><span style=\"font-weight: 400;\">Notre mission : Offrir un service authentique et un accompagnement personnalis\u00e9 aux cin\u00e9astes et artisans d\u2019ici, de l\u2019id\u00e9e jusqu\u2019\u00e0 la diffusion. Gr\u00e2ce \u00e0 notre service de location d\u2019\u00e9quipements, nos salles de montage, nos artistes, ainsi que notre salle de cin\u00e9ma, nos collaborateurs profitent d\u2019un environnement chaleureux et humain pour la r\u00e9alisation de leurs projets. En parall\u00e8le, le Cin\u00e9ma Moderne s\u2019inscrit comme un lieu de diffusion unique, vibrant et chaleureux, \u00e0 \u00e9chelle humaine, qui rassemble le public et les cr\u00e9ateurs.\u00a0<\/span><\/p>\n<p>&nbsp;<\/p>\n<p><span style=\"font-weight: 400;\">Veuillez faire parvenir votre candidature \u00e0 <\/span><a href=\"mailto:rh@post-moderne.com\"><b>rh@post-moderne.com<\/b><\/a><b>.<\/b><\/p>\n<p><span style=\"font-weight: 400;\">Post-Moderne<\/span><span style=\"font-weight: 400;\"> remercie tous les candidat\u00b7e\u00b7s de leur int\u00e9r\u00eat. Seules les personnes retenues seront contact\u00e9es pour une entrevue.<\/span><\/p>\n<p>&nbsp;<\/p>\n","protected":false},"excerpt":{"rendered":"<p>Description du poste L\u2019Artiste VFX\/Motion designer r\u00e9alise les effets visuels des diff\u00e9rents projets des clients de Post-Moderne (longs-m\u00e9trages de fiction,&#8230;<\/p>\n","protected":false},"author":30,"featured_media":10905,"comment_status":"closed","ping_status":"closed","sticky":false,"template":"","format":"standard","meta":{"_acf_changed":false,"footnotes":""},"categories":[1782],"tags":[],"class_list":["post-10906","post","type-post","status-publish","format-standard","has-post-thumbnail","hentry","category-offre-demploi-en"],"acf":[],"yoast_head":"<!-- This site is optimized with the Yoast SEO plugin v27.3 - https:\/\/yoast.com\/product\/yoast-seo-wordpress\/ -->\n<title>ARTIST VFX\/MOTION DESIGN - Post-Moderne<\/title>\n<meta name=\"description\" content=\"L\u2019Artiste VFX\/Motion designer r\u00e9alise les effets visuels des diff\u00e9rents projets des clients de Post-Moderne\" \/>\n<meta name=\"robots\" content=\"noindex, follow\" \/>\n<meta property=\"og:locale\" content=\"en_US\" \/>\n<meta property=\"og:type\" content=\"article\" \/>\n<meta property=\"og:title\" content=\"ARTIST VFX\/MOTION DESIGN - Post-Moderne\" \/>\n<meta property=\"og:description\" content=\"L\u2019Artiste VFX\/Motion designer r\u00e9alise les effets visuels des diff\u00e9rents projets des clients de Post-Moderne\" \/>\n<meta property=\"og:url\" content=\"https:\/\/post-moderne.com\/en\/2022\/03\/artiste-vfx-motion-design\/\" \/>\n<meta property=\"og:site_name\" content=\"Post-Moderne\" \/>\n<meta property=\"article:published_time\" content=\"2022-03-24T19:46:24+00:00\" \/>\n<meta property=\"article:modified_time\" content=\"2022-08-29T14:50:11+00:00\" \/>\n<meta property=\"og:image\" content=\"https:\/\/post-moderne.com\/wp-content\/uploads\/2022\/03\/OFFRE-DEMPLOI_Artiste-VFX_Motion-designer.png\" \/>\n\t<meta property=\"og:image:width\" content=\"1080\" \/>\n\t<meta property=\"og:image:height\" content=\"1080\" \/>\n\t<meta property=\"og:image:type\" content=\"image\/png\" \/>\n<meta name=\"author\" content=\"Ad\u00e8le Vendette\" \/>\n<meta name=\"twitter:card\" content=\"summary_large_image\" \/>\n<meta name=\"twitter:label1\" content=\"Written by\" \/>\n\t<meta name=\"twitter:data1\" content=\"Ad\u00e8le Vendette\" \/>\n\t<meta name=\"twitter:label2\" content=\"Est. reading time\" \/>\n\t<meta name=\"twitter:data2\" content=\"2 minutes\" \/>\n<script type=\"application\/ld+json\" class=\"yoast-schema-graph\">{\"@context\":\"https:\\\/\\\/schema.org\",\"@graph\":[{\"@type\":\"Article\",\"@id\":\"https:\\\/\\\/post-moderne.com\\\/en\\\/2022\\\/03\\\/artiste-vfx-motion-design\\\/#article\",\"isPartOf\":{\"@id\":\"https:\\\/\\\/post-moderne.com\\\/en\\\/2022\\\/03\\\/artiste-vfx-motion-design\\\/\"},\"author\":{\"name\":\"Ad\u00e8le Vendette\",\"@id\":\"https:\\\/\\\/post-moderne.com\\\/en\\\/#\\\/schema\\\/person\\\/3a1547e99484a64a82330e97e1aec38a\"},\"headline\":\"ARTIST VFX\\\/MOTION DESIGN\",\"datePublished\":\"2022-03-24T19:46:24+00:00\",\"dateModified\":\"2022-08-29T14:50:11+00:00\",\"mainEntityOfPage\":{\"@id\":\"https:\\\/\\\/post-moderne.com\\\/en\\\/2022\\\/03\\\/artiste-vfx-motion-design\\\/\"},\"wordCount\":488,\"image\":{\"@id\":\"https:\\\/\\\/post-moderne.com\\\/en\\\/2022\\\/03\\\/artiste-vfx-motion-design\\\/#primaryimage\"},\"thumbnailUrl\":\"https:\\\/\\\/post-moderne.com\\\/wp-content\\\/uploads\\\/2022\\\/03\\\/OFFRE-DEMPLOI_Artiste-VFX_Motion-designer.png\",\"articleSection\":[\"Offre d&#8217;emploi\"],\"inLanguage\":\"en-US\"},{\"@type\":\"WebPage\",\"@id\":\"https:\\\/\\\/post-moderne.com\\\/en\\\/2022\\\/03\\\/artiste-vfx-motion-design\\\/\",\"url\":\"https:\\\/\\\/post-moderne.com\\\/en\\\/2022\\\/03\\\/artiste-vfx-motion-design\\\/\",\"name\":\"ARTIST VFX\\\/MOTION DESIGN - Post-Moderne\",\"isPartOf\":{\"@id\":\"https:\\\/\\\/post-moderne.com\\\/en\\\/#website\"},\"primaryImageOfPage\":{\"@id\":\"https:\\\/\\\/post-moderne.com\\\/en\\\/2022\\\/03\\\/artiste-vfx-motion-design\\\/#primaryimage\"},\"image\":{\"@id\":\"https:\\\/\\\/post-moderne.com\\\/en\\\/2022\\\/03\\\/artiste-vfx-motion-design\\\/#primaryimage\"},\"thumbnailUrl\":\"https:\\\/\\\/post-moderne.com\\\/wp-content\\\/uploads\\\/2022\\\/03\\\/OFFRE-DEMPLOI_Artiste-VFX_Motion-designer.png\",\"datePublished\":\"2022-03-24T19:46:24+00:00\",\"dateModified\":\"2022-08-29T14:50:11+00:00\",\"author\":{\"@id\":\"https:\\\/\\\/post-moderne.com\\\/en\\\/#\\\/schema\\\/person\\\/3a1547e99484a64a82330e97e1aec38a\"},\"description\":\"L\u2019Artiste VFX\\\/Motion designer r\u00e9alise les effets visuels des diff\u00e9rents projets des clients de Post-Moderne\",\"breadcrumb\":{\"@id\":\"https:\\\/\\\/post-moderne.com\\\/en\\\/2022\\\/03\\\/artiste-vfx-motion-design\\\/#breadcrumb\"},\"inLanguage\":\"en-US\",\"potentialAction\":[{\"@type\":\"ReadAction\",\"target\":[\"https:\\\/\\\/post-moderne.com\\\/en\\\/2022\\\/03\\\/artiste-vfx-motion-design\\\/\"]}]},{\"@type\":\"ImageObject\",\"inLanguage\":\"en-US\",\"@id\":\"https:\\\/\\\/post-moderne.com\\\/en\\\/2022\\\/03\\\/artiste-vfx-motion-design\\\/#primaryimage\",\"url\":\"https:\\\/\\\/post-moderne.com\\\/wp-content\\\/uploads\\\/2022\\\/03\\\/OFFRE-DEMPLOI_Artiste-VFX_Motion-designer.png\",\"contentUrl\":\"https:\\\/\\\/post-moderne.com\\\/wp-content\\\/uploads\\\/2022\\\/03\\\/OFFRE-DEMPLOI_Artiste-VFX_Motion-designer.png\",\"width\":1080,\"height\":1080},{\"@type\":\"BreadcrumbList\",\"@id\":\"https:\\\/\\\/post-moderne.com\\\/en\\\/2022\\\/03\\\/artiste-vfx-motion-design\\\/#breadcrumb\",\"itemListElement\":[{\"@type\":\"ListItem\",\"position\":1,\"name\":\"Accueil\",\"item\":\"https:\\\/\\\/post-moderne.com\\\/en\\\/\"},{\"@type\":\"ListItem\",\"position\":2,\"name\":\"ARTIST VFX\\\/MOTION DESIGN\"}]},{\"@type\":\"WebSite\",\"@id\":\"https:\\\/\\\/post-moderne.com\\\/en\\\/#website\",\"url\":\"https:\\\/\\\/post-moderne.com\\\/en\\\/\",\"name\":\"Post-Moderne\",\"description\":\"\",\"potentialAction\":[{\"@type\":\"SearchAction\",\"target\":{\"@type\":\"EntryPoint\",\"urlTemplate\":\"https:\\\/\\\/post-moderne.com\\\/en\\\/?s={search_term_string}\"},\"query-input\":{\"@type\":\"PropertyValueSpecification\",\"valueRequired\":true,\"valueName\":\"search_term_string\"}}],\"inLanguage\":\"en-US\"},{\"@type\":\"Person\",\"@id\":\"https:\\\/\\\/post-moderne.com\\\/en\\\/#\\\/schema\\\/person\\\/3a1547e99484a64a82330e97e1aec38a\",\"name\":\"Ad\u00e8le Vendette\",\"image\":{\"@type\":\"ImageObject\",\"inLanguage\":\"en-US\",\"@id\":\"https:\\\/\\\/secure.gravatar.com\\\/avatar\\\/ccd2715088aa86b8ad7e4031c9e9216d3ef32a01d8e301e6cd8792770a3fb9f4?s=96&d=mm&r=g\",\"url\":\"https:\\\/\\\/secure.gravatar.com\\\/avatar\\\/ccd2715088aa86b8ad7e4031c9e9216d3ef32a01d8e301e6cd8792770a3fb9f4?s=96&d=mm&r=g\",\"contentUrl\":\"https:\\\/\\\/secure.gravatar.com\\\/avatar\\\/ccd2715088aa86b8ad7e4031c9e9216d3ef32a01d8e301e6cd8792770a3fb9f4?s=96&d=mm&r=g\",\"caption\":\"Ad\u00e8le Vendette\"}}]}<\/script>\n<!-- \/ Yoast SEO plugin. -->","yoast_head_json":{"title":"ARTIST VFX\/MOTION DESIGN - Post-Moderne","description":"L\u2019Artiste VFX\/Motion designer r\u00e9alise les effets visuels des diff\u00e9rents projets des clients de Post-Moderne","robots":{"index":"noindex","follow":"follow"},"og_locale":"en_US","og_type":"article","og_title":"ARTIST VFX\/MOTION DESIGN - Post-Moderne","og_description":"L\u2019Artiste VFX\/Motion designer r\u00e9alise les effets visuels des diff\u00e9rents projets des clients de Post-Moderne","og_url":"https:\/\/post-moderne.com\/en\/2022\/03\/artiste-vfx-motion-design\/","og_site_name":"Post-Moderne","article_published_time":"2022-03-24T19:46:24+00:00","article_modified_time":"2022-08-29T14:50:11+00:00","og_image":[{"width":1080,"height":1080,"url":"https:\/\/post-moderne.com\/wp-content\/uploads\/2022\/03\/OFFRE-DEMPLOI_Artiste-VFX_Motion-designer.png","type":"image\/png"}],"author":"Ad\u00e8le Vendette","twitter_card":"summary_large_image","twitter_misc":{"Written by":"Ad\u00e8le Vendette","Est. reading time":"2 minutes"},"schema":{"@context":"https:\/\/schema.org","@graph":[{"@type":"Article","@id":"https:\/\/post-moderne.com\/en\/2022\/03\/artiste-vfx-motion-design\/#article","isPartOf":{"@id":"https:\/\/post-moderne.com\/en\/2022\/03\/artiste-vfx-motion-design\/"},"author":{"name":"Ad\u00e8le Vendette","@id":"https:\/\/post-moderne.com\/en\/#\/schema\/person\/3a1547e99484a64a82330e97e1aec38a"},"headline":"ARTIST VFX\/MOTION DESIGN","datePublished":"2022-03-24T19:46:24+00:00","dateModified":"2022-08-29T14:50:11+00:00","mainEntityOfPage":{"@id":"https:\/\/post-moderne.com\/en\/2022\/03\/artiste-vfx-motion-design\/"},"wordCount":488,"image":{"@id":"https:\/\/post-moderne.com\/en\/2022\/03\/artiste-vfx-motion-design\/#primaryimage"},"thumbnailUrl":"https:\/\/post-moderne.com\/wp-content\/uploads\/2022\/03\/OFFRE-DEMPLOI_Artiste-VFX_Motion-designer.png","articleSection":["Offre d&#8217;emploi"],"inLanguage":"en-US"},{"@type":"WebPage","@id":"https:\/\/post-moderne.com\/en\/2022\/03\/artiste-vfx-motion-design\/","url":"https:\/\/post-moderne.com\/en\/2022\/03\/artiste-vfx-motion-design\/","name":"ARTIST VFX\/MOTION DESIGN - Post-Moderne","isPartOf":{"@id":"https:\/\/post-moderne.com\/en\/#website"},"primaryImageOfPage":{"@id":"https:\/\/post-moderne.com\/en\/2022\/03\/artiste-vfx-motion-design\/#primaryimage"},"image":{"@id":"https:\/\/post-moderne.com\/en\/2022\/03\/artiste-vfx-motion-design\/#primaryimage"},"thumbnailUrl":"https:\/\/post-moderne.com\/wp-content\/uploads\/2022\/03\/OFFRE-DEMPLOI_Artiste-VFX_Motion-designer.png","datePublished":"2022-03-24T19:46:24+00:00","dateModified":"2022-08-29T14:50:11+00:00","author":{"@id":"https:\/\/post-moderne.com\/en\/#\/schema\/person\/3a1547e99484a64a82330e97e1aec38a"},"description":"L\u2019Artiste VFX\/Motion designer r\u00e9alise les effets visuels des diff\u00e9rents projets des clients de Post-Moderne","breadcrumb":{"@id":"https:\/\/post-moderne.com\/en\/2022\/03\/artiste-vfx-motion-design\/#breadcrumb"},"inLanguage":"en-US","potentialAction":[{"@type":"ReadAction","target":["https:\/\/post-moderne.com\/en\/2022\/03\/artiste-vfx-motion-design\/"]}]},{"@type":"ImageObject","inLanguage":"en-US","@id":"https:\/\/post-moderne.com\/en\/2022\/03\/artiste-vfx-motion-design\/#primaryimage","url":"https:\/\/post-moderne.com\/wp-content\/uploads\/2022\/03\/OFFRE-DEMPLOI_Artiste-VFX_Motion-designer.png","contentUrl":"https:\/\/post-moderne.com\/wp-content\/uploads\/2022\/03\/OFFRE-DEMPLOI_Artiste-VFX_Motion-designer.png","width":1080,"height":1080},{"@type":"BreadcrumbList","@id":"https:\/\/post-moderne.com\/en\/2022\/03\/artiste-vfx-motion-design\/#breadcrumb","itemListElement":[{"@type":"ListItem","position":1,"name":"Accueil","item":"https:\/\/post-moderne.com\/en\/"},{"@type":"ListItem","position":2,"name":"ARTIST VFX\/MOTION DESIGN"}]},{"@type":"WebSite","@id":"https:\/\/post-moderne.com\/en\/#website","url":"https:\/\/post-moderne.com\/en\/","name":"Post-Moderne","description":"","potentialAction":[{"@type":"SearchAction","target":{"@type":"EntryPoint","urlTemplate":"https:\/\/post-moderne.com\/en\/?s={search_term_string}"},"query-input":{"@type":"PropertyValueSpecification","valueRequired":true,"valueName":"search_term_string"}}],"inLanguage":"en-US"},{"@type":"Person","@id":"https:\/\/post-moderne.com\/en\/#\/schema\/person\/3a1547e99484a64a82330e97e1aec38a","name":"Ad\u00e8le Vendette","image":{"@type":"ImageObject","inLanguage":"en-US","@id":"https:\/\/secure.gravatar.com\/avatar\/ccd2715088aa86b8ad7e4031c9e9216d3ef32a01d8e301e6cd8792770a3fb9f4?s=96&d=mm&r=g","url":"https:\/\/secure.gravatar.com\/avatar\/ccd2715088aa86b8ad7e4031c9e9216d3ef32a01d8e301e6cd8792770a3fb9f4?s=96&d=mm&r=g","contentUrl":"https:\/\/secure.gravatar.com\/avatar\/ccd2715088aa86b8ad7e4031c9e9216d3ef32a01d8e301e6cd8792770a3fb9f4?s=96&d=mm&r=g","caption":"Ad\u00e8le Vendette"}}]}},"_links":{"self":[{"href":"https:\/\/post-moderne.com\/en\/wp-json\/wp\/v2\/posts\/10906","targetHints":{"allow":["GET"]}}],"collection":[{"href":"https:\/\/post-moderne.com\/en\/wp-json\/wp\/v2\/posts"}],"about":[{"href":"https:\/\/post-moderne.com\/en\/wp-json\/wp\/v2\/types\/post"}],"author":[{"embeddable":true,"href":"https:\/\/post-moderne.com\/en\/wp-json\/wp\/v2\/users\/30"}],"replies":[{"embeddable":true,"href":"https:\/\/post-moderne.com\/en\/wp-json\/wp\/v2\/comments?post=10906"}],"version-history":[{"count":3,"href":"https:\/\/post-moderne.com\/en\/wp-json\/wp\/v2\/posts\/10906\/revisions"}],"predecessor-version":[{"id":11562,"href":"https:\/\/post-moderne.com\/en\/wp-json\/wp\/v2\/posts\/10906\/revisions\/11562"}],"wp:featuredmedia":[{"embeddable":true,"href":"https:\/\/post-moderne.com\/en\/wp-json\/wp\/v2\/media\/10905"}],"wp:attachment":[{"href":"https:\/\/post-moderne.com\/en\/wp-json\/wp\/v2\/media?parent=10906"}],"wp:term":[{"taxonomy":"category","embeddable":true,"href":"https:\/\/post-moderne.com\/en\/wp-json\/wp\/v2\/categories?post=10906"},{"taxonomy":"post_tag","embeddable":true,"href":"https:\/\/post-moderne.com\/en\/wp-json\/wp\/v2\/tags?post=10906"}],"curies":[{"name":"wp","href":"https:\/\/api.w.org\/{rel}","templated":true}]}}