{"id":10859,"date":"2022-03-16T14:23:43","date_gmt":"2022-03-16T18:23:43","guid":{"rendered":"https:\/\/post-moderne.com\/2022\/03\/coordonnateurtrice-a-la-location-poste-a-temps-partiel\/"},"modified":"2022-08-29T10:49:06","modified_gmt":"2022-08-29T14:49:06","slug":"coordonnateurtrice-a-la-location-poste-a-temps-partiel","status":"publish","type":"post","link":"https:\/\/post-moderne.com\/en\/2022\/03\/coordonnateurtrice-a-la-location-poste-a-temps-partiel\/","title":{"rendered":"COORDONNATEUR.TRICE \u00c0 LA LOCATION"},"content":{"rendered":"<p><b>Description du poste<\/b><\/p>\n<p><span style=\"font-weight: 400;\">Le\u00b7la coordonnateur\u00b7trice \u00e0 la location est responsable d\u2019accueillir et d\u2019accompagner les clients dans leurs besoins en \u00e9quipements de tournage. Il\u00b7elle s\u2019occupe de la pr\u00e9paration des soumissions, d\u2019offrir un support aux assistants cam\u00e9ra pendant les tests ainsi que de pr\u00e9parer les d\u00e9parts et retours d\u2019\u00e9quipements. Il\u00b7elle offre \u00e9galement un soutien administratif au d\u00e9partement de location, notamment en ce qui a trait \u00e0 la facturation, les bons de commande, les soumissions etc.<\/span><\/p>\n<p><b>Principales responsabilit\u00e9s<\/b><\/p>\n<ul>\n<li style=\"font-weight: 400;\" aria-level=\"1\"><span style=\"font-weight: 400;\">R\u00e9pondre aux demandes des clients\u00a0: t\u00e9l\u00e9phones et courriels<\/span><\/li>\n<li style=\"font-weight: 400;\" aria-level=\"1\"><span style=\"font-weight: 400;\">Pr\u00e9parer les soumissions de location et la facturation<\/span><\/li>\n<li style=\"font-weight: 400;\" aria-level=\"1\"><span style=\"font-weight: 400;\">Accueillir les clients et les accompagner dans la liste de besoins en \u00e9quipements de tournage<\/span><\/li>\n<li style=\"font-weight: 400;\" aria-level=\"1\"><span style=\"font-weight: 400;\">\u00c9laborer des contrats et des modalit\u00e9s de location (d\u00e9parts, retours, livraisons, tests, etc.)<\/span><\/li>\n<li style=\"font-weight: 400;\" aria-level=\"1\"><span style=\"font-weight: 400;\">Assister durant les sessions de test cam\u00e9ra<\/span><\/li>\n<li style=\"font-weight: 400;\" aria-level=\"1\"><span style=\"font-weight: 400;\">Commander les messagers pour les envois\/retour mat\u00e9riel<\/span><\/li>\n<li style=\"font-weight: 400;\" aria-level=\"1\"><span style=\"font-weight: 400;\">Coordonner les achats et les locations d\u2019\u00e9quipements avec les diff\u00e9rents intervenants au sein de la logistique, de l\u2019administration et des projets<\/span><\/li>\n<li style=\"font-weight: 400;\" aria-level=\"1\"><span style=\"font-weight: 400;\">Effectuer l\u2019entretien et le nettoyage des \u00e9quipements<\/span><\/li>\n<li style=\"font-weight: 400;\" aria-level=\"1\"><span style=\"font-weight: 400;\">Effectuer la r\u00e9paration de base des \u00e9quipements.<\/span><\/li>\n<li style=\"font-weight: 400;\" aria-level=\"1\"><span style=\"font-weight: 400;\">Se tenir inform\u00e9 des nouveaut\u00e9s en \u00e9quipements<\/span><\/li>\n<\/ul>\n<p><b>Profil recherch\u00e9<\/b><\/p>\n<ul>\n<li style=\"font-weight: 400;\" aria-level=\"1\"><span style=\"font-weight: 400;\">Formation en technique audiovisuelle, cin\u00e9ma ou t\u00e9l\u00e9vision<\/span><\/li>\n<li style=\"font-weight: 400;\" aria-level=\"1\"><span style=\"font-weight: 400;\">Familier avec les plateaux de tournage<\/span><\/li>\n<li style=\"font-weight: 400;\" aria-level=\"1\"><span style=\"font-weight: 400;\">Exp\u00e9rience en vente au d\u00e9tail ou en service \u00e0 la client\u00e8le<\/span><\/li>\n<li style=\"font-weight: 400;\" aria-level=\"1\"><span style=\"font-weight: 400;\">Exp\u00e9rience en service de location, un atout<\/span><\/li>\n<li style=\"font-weight: 400;\" aria-level=\"1\"><span style=\"font-weight: 400;\">Connaissance en \u00e9quipements cam\u00e9ra, objectifs et accessoires<\/span><\/li>\n<li style=\"font-weight: 400;\" aria-level=\"1\"><span style=\"font-weight: 400;\">Excellent fran\u00e7ais parl\u00e9 et \u00e9crit, bilinguisme requis<\/span><\/li>\n<li style=\"font-weight: 400;\" aria-level=\"1\"><span style=\"font-weight: 400;\">Autonomie, d\u00e9brouillardise et gestion des priorit\u00e9s<\/span><\/li>\n<li style=\"font-weight: 400;\" aria-level=\"1\"><span style=\"font-weight: 400;\">Rigueur et habilet\u00e9 \u00e0 travailler sur plusieurs projets \u00e0 la fois<\/span><\/li>\n<li style=\"font-weight: 400;\" aria-level=\"1\"><span style=\"font-weight: 400;\">Service \u00e0 la client\u00e8le hors pair<\/span><\/li>\n<li style=\"font-weight: 400;\" aria-level=\"1\"><span style=\"font-weight: 400;\">Dynamisme et esprit d\u2019\u00e9quipe<\/span><\/li>\n<li style=\"font-weight: 400;\" aria-level=\"1\"><span style=\"font-weight: 400;\">Analyse et r\u00e9solution de probl\u00e8mes<\/span><\/li>\n<li style=\"font-weight: 400;\" aria-level=\"1\"><span style=\"font-weight: 400;\">Capacit\u00e9 \u00e0 travailler sous pression<\/span><\/li>\n<li style=\"font-weight: 400;\" aria-level=\"1\"><span style=\"font-weight: 400;\">Permis de conduire un atout<\/span><\/li>\n<\/ul>\n<p>&nbsp;<\/p>\n<p><b>\u00c0 propos de Post-Moderne<\/b><\/p>\n<p><span style=\"font-weight: 400;\">Situ\u00e9e en plein c\u0153ur du Mile-End, Post-Moderne est une maison de postproduction et de location de cam\u00e9ras oeuvrant dans les domaines du cin\u00e9ma, de la publicit\u00e9 et de la t\u00e9l\u00e9vision depuis pr\u00e8s de 20 ans.\u00a0<\/span><\/p>\n<p><span style=\"font-weight: 400;\">Notre mission : Offrir un service authentique et un accompagnement personnalis\u00e9 aux cin\u00e9astes et artisans d\u2019ici, de l\u2019id\u00e9e jusqu\u2019\u00e0 la diffusion. Gr\u00e2ce \u00e0 notre service de location d\u2019\u00e9quipements, nos salles de montage, nos artistes, ainsi que notre salle de cin\u00e9ma, nos collaborateurs profitent d\u2019un environnement chaleureux et humain pour la r\u00e9alisation de leurs projets. En parall\u00e8le, le Cin\u00e9ma Moderne s\u2019inscrit comme un lieu de diffusion unique, vibrant et chaleureux, \u00e0 \u00e9chelle humaine, qui rassemble le public et les cr\u00e9ateurs.\u00a0<\/span><\/p>\n<p>&nbsp;<\/p>\n<p><span style=\"font-weight: 400;\">Veuillez faire parvenir votre candidature \u00e0 <\/span><a href=\"mailto:rh@post-moderne.com\"><b>rh@post-moderne.com<\/b><\/a><b>.<\/b><\/p>\n<p><span style=\"font-weight: 400;\">Post-Moderne<\/span><span style=\"font-weight: 400;\"> remercie tous les candidat\u00b7e\u00b7s de leur int\u00e9r\u00eat. Seules les personnes retenues seront contact\u00e9es pour une entrevue.<\/span><\/p>\n","protected":false},"excerpt":{"rendered":"<p>Description du poste Le\u00b7la coordonnateur\u00b7trice \u00e0 la location est responsable d\u2019accueillir et d\u2019accompagner les clients dans leurs besoins en \u00e9quipements&#8230;<\/p>\n","protected":false},"author":30,"featured_media":10862,"comment_status":"closed","ping_status":"closed","sticky":false,"template":"","format":"standard","meta":{"_acf_changed":false,"footnotes":""},"categories":[1782],"tags":[],"class_list":["post-10859","post","type-post","status-publish","format-standard","has-post-thumbnail","hentry","category-offre-demploi-en"],"acf":[],"yoast_head":"<!-- This site is optimized with the Yoast SEO plugin v27.3 - https:\/\/yoast.com\/product\/yoast-seo-wordpress\/ -->\n<title>COORDONNATEUR.TRICE \u00c0 LA LOCATION - Post-Moderne<\/title>\n<meta name=\"robots\" content=\"noindex, follow\" \/>\n<meta property=\"og:locale\" content=\"en_US\" \/>\n<meta property=\"og:type\" content=\"article\" \/>\n<meta property=\"og:title\" content=\"COORDONNATEUR.TRICE \u00c0 LA LOCATION - Post-Moderne\" \/>\n<meta property=\"og:description\" content=\"Description du poste Le\u00b7la coordonnateur\u00b7trice \u00e0 la location est responsable d\u2019accueillir et d\u2019accompagner les clients dans leurs besoins en \u00e9quipements...\" \/>\n<meta property=\"og:url\" content=\"https:\/\/post-moderne.com\/en\/2022\/03\/coordonnateurtrice-a-la-location-poste-a-temps-partiel\/\" \/>\n<meta property=\"og:site_name\" content=\"Post-Moderne\" \/>\n<meta property=\"article:published_time\" content=\"2022-03-16T18:23:43+00:00\" \/>\n<meta property=\"article:modified_time\" content=\"2022-08-29T14:49:06+00:00\" \/>\n<meta property=\"og:image\" content=\"https:\/\/post-moderne.com\/wp-content\/uploads\/2022\/03\/COORDONNATEURTRICE-A\u0300-LA-LOCATION.png\" \/>\n\t<meta property=\"og:image:width\" content=\"1080\" \/>\n\t<meta property=\"og:image:height\" content=\"1080\" \/>\n\t<meta property=\"og:image:type\" content=\"image\/png\" \/>\n<meta name=\"author\" content=\"Ad\u00e8le Vendette\" \/>\n<meta name=\"twitter:card\" content=\"summary_large_image\" \/>\n<meta name=\"twitter:label1\" content=\"Written by\" \/>\n\t<meta name=\"twitter:data1\" content=\"Ad\u00e8le Vendette\" \/>\n\t<meta name=\"twitter:label2\" content=\"Est. reading time\" \/>\n\t<meta name=\"twitter:data2\" content=\"2 minutes\" \/>\n<script type=\"application\/ld+json\" class=\"yoast-schema-graph\">{\"@context\":\"https:\\\/\\\/schema.org\",\"@graph\":[{\"@type\":\"Article\",\"@id\":\"https:\\\/\\\/post-moderne.com\\\/en\\\/2022\\\/03\\\/coordonnateurtrice-a-la-location-poste-a-temps-partiel\\\/#article\",\"isPartOf\":{\"@id\":\"https:\\\/\\\/post-moderne.com\\\/en\\\/2022\\\/03\\\/coordonnateurtrice-a-la-location-poste-a-temps-partiel\\\/\"},\"author\":{\"name\":\"Ad\u00e8le Vendette\",\"@id\":\"https:\\\/\\\/post-moderne.com\\\/en\\\/#\\\/schema\\\/person\\\/3a1547e99484a64a82330e97e1aec38a\"},\"headline\":\"COORDONNATEUR.TRICE \u00c0 LA LOCATION\",\"datePublished\":\"2022-03-16T18:23:43+00:00\",\"dateModified\":\"2022-08-29T14:49:06+00:00\",\"mainEntityOfPage\":{\"@id\":\"https:\\\/\\\/post-moderne.com\\\/en\\\/2022\\\/03\\\/coordonnateurtrice-a-la-location-poste-a-temps-partiel\\\/\"},\"wordCount\":471,\"image\":{\"@id\":\"https:\\\/\\\/post-moderne.com\\\/en\\\/2022\\\/03\\\/coordonnateurtrice-a-la-location-poste-a-temps-partiel\\\/#primaryimage\"},\"thumbnailUrl\":\"https:\\\/\\\/post-moderne.com\\\/wp-content\\\/uploads\\\/2022\\\/03\\\/COORDONNATEURTRICE-A\u0300-LA-LOCATION.png\",\"articleSection\":[\"Offre d&#8217;emploi\"],\"inLanguage\":\"en-US\"},{\"@type\":\"WebPage\",\"@id\":\"https:\\\/\\\/post-moderne.com\\\/en\\\/2022\\\/03\\\/coordonnateurtrice-a-la-location-poste-a-temps-partiel\\\/\",\"url\":\"https:\\\/\\\/post-moderne.com\\\/en\\\/2022\\\/03\\\/coordonnateurtrice-a-la-location-poste-a-temps-partiel\\\/\",\"name\":\"COORDONNATEUR.TRICE \u00c0 LA LOCATION - Post-Moderne\",\"isPartOf\":{\"@id\":\"https:\\\/\\\/post-moderne.com\\\/en\\\/#website\"},\"primaryImageOfPage\":{\"@id\":\"https:\\\/\\\/post-moderne.com\\\/en\\\/2022\\\/03\\\/coordonnateurtrice-a-la-location-poste-a-temps-partiel\\\/#primaryimage\"},\"image\":{\"@id\":\"https:\\\/\\\/post-moderne.com\\\/en\\\/2022\\\/03\\\/coordonnateurtrice-a-la-location-poste-a-temps-partiel\\\/#primaryimage\"},\"thumbnailUrl\":\"https:\\\/\\\/post-moderne.com\\\/wp-content\\\/uploads\\\/2022\\\/03\\\/COORDONNATEURTRICE-A\u0300-LA-LOCATION.png\",\"datePublished\":\"2022-03-16T18:23:43+00:00\",\"dateModified\":\"2022-08-29T14:49:06+00:00\",\"author\":{\"@id\":\"https:\\\/\\\/post-moderne.com\\\/en\\\/#\\\/schema\\\/person\\\/3a1547e99484a64a82330e97e1aec38a\"},\"breadcrumb\":{\"@id\":\"https:\\\/\\\/post-moderne.com\\\/en\\\/2022\\\/03\\\/coordonnateurtrice-a-la-location-poste-a-temps-partiel\\\/#breadcrumb\"},\"inLanguage\":\"en-US\",\"potentialAction\":[{\"@type\":\"ReadAction\",\"target\":[\"https:\\\/\\\/post-moderne.com\\\/en\\\/2022\\\/03\\\/coordonnateurtrice-a-la-location-poste-a-temps-partiel\\\/\"]}]},{\"@type\":\"ImageObject\",\"inLanguage\":\"en-US\",\"@id\":\"https:\\\/\\\/post-moderne.com\\\/en\\\/2022\\\/03\\\/coordonnateurtrice-a-la-location-poste-a-temps-partiel\\\/#primaryimage\",\"url\":\"https:\\\/\\\/post-moderne.com\\\/wp-content\\\/uploads\\\/2022\\\/03\\\/COORDONNATEURTRICE-A\u0300-LA-LOCATION.png\",\"contentUrl\":\"https:\\\/\\\/post-moderne.com\\\/wp-content\\\/uploads\\\/2022\\\/03\\\/COORDONNATEURTRICE-A\u0300-LA-LOCATION.png\",\"width\":1080,\"height\":1080},{\"@type\":\"BreadcrumbList\",\"@id\":\"https:\\\/\\\/post-moderne.com\\\/en\\\/2022\\\/03\\\/coordonnateurtrice-a-la-location-poste-a-temps-partiel\\\/#breadcrumb\",\"itemListElement\":[{\"@type\":\"ListItem\",\"position\":1,\"name\":\"Accueil\",\"item\":\"https:\\\/\\\/post-moderne.com\\\/en\\\/\"},{\"@type\":\"ListItem\",\"position\":2,\"name\":\"COORDONNATEUR.TRICE \u00c0 LA LOCATION\"}]},{\"@type\":\"WebSite\",\"@id\":\"https:\\\/\\\/post-moderne.com\\\/en\\\/#website\",\"url\":\"https:\\\/\\\/post-moderne.com\\\/en\\\/\",\"name\":\"Post-Moderne\",\"description\":\"\",\"potentialAction\":[{\"@type\":\"SearchAction\",\"target\":{\"@type\":\"EntryPoint\",\"urlTemplate\":\"https:\\\/\\\/post-moderne.com\\\/en\\\/?s={search_term_string}\"},\"query-input\":{\"@type\":\"PropertyValueSpecification\",\"valueRequired\":true,\"valueName\":\"search_term_string\"}}],\"inLanguage\":\"en-US\"},{\"@type\":\"Person\",\"@id\":\"https:\\\/\\\/post-moderne.com\\\/en\\\/#\\\/schema\\\/person\\\/3a1547e99484a64a82330e97e1aec38a\",\"name\":\"Ad\u00e8le Vendette\",\"image\":{\"@type\":\"ImageObject\",\"inLanguage\":\"en-US\",\"@id\":\"https:\\\/\\\/secure.gravatar.com\\\/avatar\\\/ccd2715088aa86b8ad7e4031c9e9216d3ef32a01d8e301e6cd8792770a3fb9f4?s=96&d=mm&r=g\",\"url\":\"https:\\\/\\\/secure.gravatar.com\\\/avatar\\\/ccd2715088aa86b8ad7e4031c9e9216d3ef32a01d8e301e6cd8792770a3fb9f4?s=96&d=mm&r=g\",\"contentUrl\":\"https:\\\/\\\/secure.gravatar.com\\\/avatar\\\/ccd2715088aa86b8ad7e4031c9e9216d3ef32a01d8e301e6cd8792770a3fb9f4?s=96&d=mm&r=g\",\"caption\":\"Ad\u00e8le Vendette\"}}]}<\/script>\n<!-- \/ Yoast SEO plugin. -->","yoast_head_json":{"title":"COORDONNATEUR.TRICE \u00c0 LA LOCATION - Post-Moderne","robots":{"index":"noindex","follow":"follow"},"og_locale":"en_US","og_type":"article","og_title":"COORDONNATEUR.TRICE \u00c0 LA LOCATION - Post-Moderne","og_description":"Description du poste Le\u00b7la coordonnateur\u00b7trice \u00e0 la location est responsable d\u2019accueillir et d\u2019accompagner les clients dans leurs besoins en \u00e9quipements...","og_url":"https:\/\/post-moderne.com\/en\/2022\/03\/coordonnateurtrice-a-la-location-poste-a-temps-partiel\/","og_site_name":"Post-Moderne","article_published_time":"2022-03-16T18:23:43+00:00","article_modified_time":"2022-08-29T14:49:06+00:00","og_image":[{"width":1080,"height":1080,"url":"https:\/\/post-moderne.com\/wp-content\/uploads\/2022\/03\/COORDONNATEURTRICE-A\u0300-LA-LOCATION.png","type":"image\/png"}],"author":"Ad\u00e8le Vendette","twitter_card":"summary_large_image","twitter_misc":{"Written by":"Ad\u00e8le Vendette","Est. reading time":"2 minutes"},"schema":{"@context":"https:\/\/schema.org","@graph":[{"@type":"Article","@id":"https:\/\/post-moderne.com\/en\/2022\/03\/coordonnateurtrice-a-la-location-poste-a-temps-partiel\/#article","isPartOf":{"@id":"https:\/\/post-moderne.com\/en\/2022\/03\/coordonnateurtrice-a-la-location-poste-a-temps-partiel\/"},"author":{"name":"Ad\u00e8le Vendette","@id":"https:\/\/post-moderne.com\/en\/#\/schema\/person\/3a1547e99484a64a82330e97e1aec38a"},"headline":"COORDONNATEUR.TRICE \u00c0 LA LOCATION","datePublished":"2022-03-16T18:23:43+00:00","dateModified":"2022-08-29T14:49:06+00:00","mainEntityOfPage":{"@id":"https:\/\/post-moderne.com\/en\/2022\/03\/coordonnateurtrice-a-la-location-poste-a-temps-partiel\/"},"wordCount":471,"image":{"@id":"https:\/\/post-moderne.com\/en\/2022\/03\/coordonnateurtrice-a-la-location-poste-a-temps-partiel\/#primaryimage"},"thumbnailUrl":"https:\/\/post-moderne.com\/wp-content\/uploads\/2022\/03\/COORDONNATEURTRICE-A\u0300-LA-LOCATION.png","articleSection":["Offre d&#8217;emploi"],"inLanguage":"en-US"},{"@type":"WebPage","@id":"https:\/\/post-moderne.com\/en\/2022\/03\/coordonnateurtrice-a-la-location-poste-a-temps-partiel\/","url":"https:\/\/post-moderne.com\/en\/2022\/03\/coordonnateurtrice-a-la-location-poste-a-temps-partiel\/","name":"COORDONNATEUR.TRICE \u00c0 LA LOCATION - Post-Moderne","isPartOf":{"@id":"https:\/\/post-moderne.com\/en\/#website"},"primaryImageOfPage":{"@id":"https:\/\/post-moderne.com\/en\/2022\/03\/coordonnateurtrice-a-la-location-poste-a-temps-partiel\/#primaryimage"},"image":{"@id":"https:\/\/post-moderne.com\/en\/2022\/03\/coordonnateurtrice-a-la-location-poste-a-temps-partiel\/#primaryimage"},"thumbnailUrl":"https:\/\/post-moderne.com\/wp-content\/uploads\/2022\/03\/COORDONNATEURTRICE-A\u0300-LA-LOCATION.png","datePublished":"2022-03-16T18:23:43+00:00","dateModified":"2022-08-29T14:49:06+00:00","author":{"@id":"https:\/\/post-moderne.com\/en\/#\/schema\/person\/3a1547e99484a64a82330e97e1aec38a"},"breadcrumb":{"@id":"https:\/\/post-moderne.com\/en\/2022\/03\/coordonnateurtrice-a-la-location-poste-a-temps-partiel\/#breadcrumb"},"inLanguage":"en-US","potentialAction":[{"@type":"ReadAction","target":["https:\/\/post-moderne.com\/en\/2022\/03\/coordonnateurtrice-a-la-location-poste-a-temps-partiel\/"]}]},{"@type":"ImageObject","inLanguage":"en-US","@id":"https:\/\/post-moderne.com\/en\/2022\/03\/coordonnateurtrice-a-la-location-poste-a-temps-partiel\/#primaryimage","url":"https:\/\/post-moderne.com\/wp-content\/uploads\/2022\/03\/COORDONNATEURTRICE-A\u0300-LA-LOCATION.png","contentUrl":"https:\/\/post-moderne.com\/wp-content\/uploads\/2022\/03\/COORDONNATEURTRICE-A\u0300-LA-LOCATION.png","width":1080,"height":1080},{"@type":"BreadcrumbList","@id":"https:\/\/post-moderne.com\/en\/2022\/03\/coordonnateurtrice-a-la-location-poste-a-temps-partiel\/#breadcrumb","itemListElement":[{"@type":"ListItem","position":1,"name":"Accueil","item":"https:\/\/post-moderne.com\/en\/"},{"@type":"ListItem","position":2,"name":"COORDONNATEUR.TRICE \u00c0 LA LOCATION"}]},{"@type":"WebSite","@id":"https:\/\/post-moderne.com\/en\/#website","url":"https:\/\/post-moderne.com\/en\/","name":"Post-Moderne","description":"","potentialAction":[{"@type":"SearchAction","target":{"@type":"EntryPoint","urlTemplate":"https:\/\/post-moderne.com\/en\/?s={search_term_string}"},"query-input":{"@type":"PropertyValueSpecification","valueRequired":true,"valueName":"search_term_string"}}],"inLanguage":"en-US"},{"@type":"Person","@id":"https:\/\/post-moderne.com\/en\/#\/schema\/person\/3a1547e99484a64a82330e97e1aec38a","name":"Ad\u00e8le Vendette","image":{"@type":"ImageObject","inLanguage":"en-US","@id":"https:\/\/secure.gravatar.com\/avatar\/ccd2715088aa86b8ad7e4031c9e9216d3ef32a01d8e301e6cd8792770a3fb9f4?s=96&d=mm&r=g","url":"https:\/\/secure.gravatar.com\/avatar\/ccd2715088aa86b8ad7e4031c9e9216d3ef32a01d8e301e6cd8792770a3fb9f4?s=96&d=mm&r=g","contentUrl":"https:\/\/secure.gravatar.com\/avatar\/ccd2715088aa86b8ad7e4031c9e9216d3ef32a01d8e301e6cd8792770a3fb9f4?s=96&d=mm&r=g","caption":"Ad\u00e8le Vendette"}}]}},"_links":{"self":[{"href":"https:\/\/post-moderne.com\/en\/wp-json\/wp\/v2\/posts\/10859","targetHints":{"allow":["GET"]}}],"collection":[{"href":"https:\/\/post-moderne.com\/en\/wp-json\/wp\/v2\/posts"}],"about":[{"href":"https:\/\/post-moderne.com\/en\/wp-json\/wp\/v2\/types\/post"}],"author":[{"embeddable":true,"href":"https:\/\/post-moderne.com\/en\/wp-json\/wp\/v2\/users\/30"}],"replies":[{"embeddable":true,"href":"https:\/\/post-moderne.com\/en\/wp-json\/wp\/v2\/comments?post=10859"}],"version-history":[{"count":6,"href":"https:\/\/post-moderne.com\/en\/wp-json\/wp\/v2\/posts\/10859\/revisions"}],"predecessor-version":[{"id":11561,"href":"https:\/\/post-moderne.com\/en\/wp-json\/wp\/v2\/posts\/10859\/revisions\/11561"}],"wp:featuredmedia":[{"embeddable":true,"href":"https:\/\/post-moderne.com\/en\/wp-json\/wp\/v2\/media\/10862"}],"wp:attachment":[{"href":"https:\/\/post-moderne.com\/en\/wp-json\/wp\/v2\/media?parent=10859"}],"wp:term":[{"taxonomy":"category","embeddable":true,"href":"https:\/\/post-moderne.com\/en\/wp-json\/wp\/v2\/categories?post=10859"},{"taxonomy":"post_tag","embeddable":true,"href":"https:\/\/post-moderne.com\/en\/wp-json\/wp\/v2\/tags?post=10859"}],"curies":[{"name":"wp","href":"https:\/\/api.w.org\/{rel}","templated":true}]}}