{"id":10823,"date":"2022-03-02T11:22:47","date_gmt":"2022-03-02T15:22:47","guid":{"rendered":"https:\/\/post-moderne.com\/2022\/03\/offre-demploi-controle-qualite\/"},"modified":"2022-08-29T10:56:06","modified_gmt":"2022-08-29T14:56:06","slug":"offre-demploi-controle-qualite","status":"publish","type":"post","link":"https:\/\/post-moderne.com\/en\/2022\/03\/offre-demploi-controle-qualite\/","title":{"rendered":"OFFRE D&#8217;EMPLOI &#8211; CONTR\u00d4LE QUALIT\u00c9"},"content":{"rendered":"<p><b>Description du poste<\/b><\/p>\n<p><span style=\"font-weight: 400;\">Le\u00b7la responsable des contr\u00f4les de qualit\u00e9 est charg\u00e9 d\u2019effectuer le visionnement du mat\u00e9riel et de relever toute anomalie visuelle, graphique ou sonore selon les normes pr\u00e9\u00e9tablies. Il est amen\u00e9 \u00e0 \u00e9valuer techniquement tout actif num\u00e9rique et physique de distribution ou de production. <\/span><span style=\"font-weight: 400;\">Il travaille en \u00e9troite collaboration avec l\u2019\u00e9quipe d\u2019assistant<\/span><span style=\"font-weight: 400;\">\u00b7<\/span><span style=\"font-weight: 400;\">e<\/span><span style=\"font-weight: 400;\">\u00b7<\/span><span style=\"font-weight: 400;\">s monteurs, les coordonnateurs<\/span><span style=\"font-weight: 400;\">\u00b7<\/span><span style=\"font-weight: 400;\">trices et les artistes \u00e0 l\u2019interne.\u00a0<\/span><\/p>\n<p><b>Principales responsabilit\u00e9s<\/b><\/p>\n<ul>\n<li style=\"font-weight: 400;\" aria-level=\"1\"><span style=\"font-weight: 400;\">Effectuer la v\u00e9rification et la validation technique de fichiers<\/span><\/li>\n<li style=\"font-weight: 400;\" aria-level=\"1\"><span style=\"font-weight: 400;\">Contr\u00f4le de qualit\u00e9 des \u00e9l\u00e9ments de livraison (vid\u00e9o et audio)<\/span><\/li>\n<li style=\"font-weight: 400;\" aria-level=\"1\"><span style=\"font-weight: 400;\">Identifier pr\u00e9cis\u00e9ment avec le bon lexique les probl\u00e8mes soulev\u00e9s\u00a0<\/span><\/li>\n<li style=\"font-weight: 400;\" aria-level=\"1\"><span style=\"font-weight: 400;\">Compl\u00e9ter les rapports de contr\u00f4le de qualit\u00e9 de fa\u00e7on d\u00e9taill\u00e9e\u00a0<\/span><\/li>\n<li style=\"font-weight: 400;\" aria-level=\"1\"><span style=\"font-weight: 400;\">S\u2019assurer de la qualit\u00e9 des fichiers d\u2019encodage malentendant et de sous-titrage \u00e0 la demande<\/span><\/li>\n<li style=\"font-weight: 400;\" aria-level=\"1\"><span style=\"font-weight: 400;\">Proc\u00e9der \u00e0 la cr\u00e9ation de diff\u00e9rents livrables num\u00e9riques et physiques<\/span><\/li>\n<li style=\"font-weight: 400;\" aria-level=\"1\"><span style=\"font-weight: 400;\">Effectuer des copies de diffusion num\u00e9rique<\/span><\/li>\n<li style=\"font-weight: 400;\" aria-level=\"1\"><span style=\"font-weight: 400;\">Communiquer l\u2019\u00e9volution du travail de fa\u00e7on continue aupr\u00e8s des coordonnatrices<\/span><\/li>\n<li style=\"font-weight: 400;\" aria-level=\"1\"><span style=\"font-weight: 400;\">Faire un suivi continu de l\u2019\u00e9tat de l\u2019\u00e9quipement technique<\/span><\/li>\n<li style=\"font-weight: 400;\" aria-level=\"1\"><span style=\"font-weight: 400;\">Participer activement aux processus d\u2019am\u00e9lioration continue et \u00e0 la formation d\u2019autres employ\u00e9s<\/span><\/li>\n<li style=\"font-weight: 400;\" aria-level=\"1\"><span style=\"font-weight: 400;\">Effectuer toutes autres t\u00e2ches associ\u00e9es au contr\u00f4le qualit\u00e9\u00a0<\/span><\/li>\n<\/ul>\n<p><b>Profil recherch\u00e9<\/b><\/p>\n<ul>\n<li style=\"font-weight: 400;\" aria-level=\"1\"><span style=\"font-weight: 400;\">DEC dans le domaine de la postproduction ou de la production<\/span><\/li>\n<li style=\"font-weight: 400;\" aria-level=\"1\"><span style=\"font-weight: 400;\">1 \u00e0 2 ann\u00e9es d\u2019exp\u00e9rience en contr\u00f4le de qualit\u00e9<\/span><\/li>\n<li style=\"font-weight: 400;\" aria-level=\"1\"><span style=\"font-weight: 400;\">Connaissances de toutes les \u00e9tapes de postproduction ; rush de tournage, montage offline, \u00e9talonnage, montage online, encodage, etc.<\/span><\/li>\n<li style=\"font-weight: 400;\" aria-level=\"1\"><span style=\"font-weight: 400;\">Bonne compr\u00e9hension des codecs vid\u00e9o, des formats de fichiers et des diff\u00e9rentes r\u00e9solutions d\u2019image<\/span><\/li>\n<li style=\"font-weight: 400;\" aria-level=\"1\"><span style=\"font-weight: 400;\">Connaissances des logiciels suivants (AVID, Premiere et Resolve)<\/span><\/li>\n<li style=\"font-weight: 400;\" aria-level=\"1\"><span style=\"font-weight: 400;\">Rigueur, minutie et <\/span><span style=\"font-weight: 400;\">excellente acuit\u00e9 visuelle et auditive<\/span><\/li>\n<li style=\"font-weight: 400;\" aria-level=\"1\"><span style=\"font-weight: 400;\">Capacit\u00e9 \u00e0 visionner le m\u00eame document plusieurs fois avec le m\u00eame niveau d&#8217;attention<\/span><\/li>\n<li style=\"font-weight: 400;\" aria-level=\"1\"><span style=\"font-weight: 400;\">Bonne communication et esprit d\u2019\u00e9quipe<\/span><\/li>\n<\/ul>\n<p><b>\u00c0 propos de Post-Moderne<\/b><\/p>\n<p><span style=\"font-weight: 400;\">Situ\u00e9e en plein c\u0153ur du Mile-End, Post-Moderne est une maison de postproduction et de location de cam\u00e9ras oeuvrant dans les domaines du cin\u00e9ma, de la publicit\u00e9 et de la t\u00e9l\u00e9vision depuis pr\u00e8s de 20 ans.\u00a0<\/span><\/p>\n<p>&nbsp;<\/p>\n<p><span style=\"font-weight: 400;\">Notre mission : Offrir un service authentique et un accompagnement personnalis\u00e9 aux cin\u00e9astes et artisans d\u2019ici, de l\u2019id\u00e9e jusqu\u2019\u00e0 la diffusion. Gr\u00e2ce \u00e0 notre service de location d\u2019\u00e9quipements, nos salles de montage, nos artistes, ainsi que notre salle de cin\u00e9ma, nos collaborateurs profitent d\u2019un environnement chaleureux et humain pour la r\u00e9alisation de leurs projets. En parall\u00e8le, le Cin\u00e9ma Moderne s\u2019inscrit comme un lieu de diffusion unique, vibrant et chaleureux, \u00e0 \u00e9chelle humaine, qui rassemble le public et les cr\u00e9ateurs.\u00a0<\/span><\/p>\n<p>&nbsp;<\/p>\n<p><span style=\"font-weight: 400;\">Veuillez faire parvenir votre candidature \u00e0 <\/span><a href=\"mailto:rh@post-moderne.com\"><b>rh@post-moderne.com<\/b><\/a><b>.<\/b><\/p>\n<p>&nbsp;<\/p>\n<p><span style=\"font-weight: 400;\">Post-Moderne<\/span><span style=\"font-weight: 400;\"> remercie tous les candidat\u00b7e\u00b7s de leur int\u00e9r\u00eat. Seules les personnes retenues seront contact\u00e9es pour une entrevue.<\/span><\/p>\n<p>&nbsp;<\/p>\n","protected":false},"excerpt":{"rendered":"<p>Description du poste Le\u00b7la responsable des contr\u00f4les de qualit\u00e9 est charg\u00e9 d\u2019effectuer le visionnement du mat\u00e9riel et de relever toute&#8230;<\/p>\n","protected":false},"author":30,"featured_media":10820,"comment_status":"closed","ping_status":"closed","sticky":false,"template":"","format":"standard","meta":{"_acf_changed":false,"footnotes":""},"categories":[1782],"tags":[],"class_list":["post-10823","post","type-post","status-publish","format-standard","has-post-thumbnail","hentry","category-offre-demploi-en"],"acf":[],"yoast_head":"<!-- This site is optimized with the Yoast SEO plugin v27.3 - https:\/\/yoast.com\/product\/yoast-seo-wordpress\/ -->\n<title>OFFRE D&#039;EMPLOI - CONTR\u00d4LE QUALIT\u00c9 - Post-Moderne<\/title>\n<meta name=\"description\" content=\"Post-Moderne Il ou elle travaillera en collaboration avec l\u2019\u00e9quipe d\u2019assistant(e)s monteurs, les coordonnatrices et les artistes.\" \/>\n<meta name=\"robots\" content=\"noindex, follow\" \/>\n<meta property=\"og:locale\" content=\"en_US\" \/>\n<meta property=\"og:type\" content=\"article\" \/>\n<meta property=\"og:title\" content=\"OFFRE D&#039;EMPLOI - CONTR\u00d4LE QUALIT\u00c9 - Post-Moderne\" \/>\n<meta property=\"og:description\" content=\"Post-Moderne Il ou elle travaillera en collaboration avec l\u2019\u00e9quipe d\u2019assistant(e)s monteurs, les coordonnatrices et les artistes.\" \/>\n<meta property=\"og:url\" content=\"https:\/\/post-moderne.com\/en\/2022\/03\/offre-demploi-controle-qualite\/\" \/>\n<meta property=\"og:site_name\" content=\"Post-Moderne\" \/>\n<meta property=\"article:published_time\" content=\"2022-03-02T15:22:47+00:00\" \/>\n<meta property=\"article:modified_time\" content=\"2022-08-29T14:56:06+00:00\" \/>\n<meta property=\"og:image\" content=\"https:\/\/post-moderne.com\/wp-content\/uploads\/2022\/03\/Contro\u0302lequalite\u0301_2-1_00.jpg\" \/>\n\t<meta property=\"og:image:width\" content=\"1080\" \/>\n\t<meta property=\"og:image:height\" content=\"1080\" \/>\n\t<meta property=\"og:image:type\" content=\"image\/jpeg\" \/>\n<meta name=\"author\" content=\"Ad\u00e8le Vendette\" \/>\n<meta name=\"twitter:card\" content=\"summary_large_image\" \/>\n<meta name=\"twitter:label1\" content=\"Written by\" \/>\n\t<meta name=\"twitter:data1\" content=\"Ad\u00e8le Vendette\" \/>\n\t<meta name=\"twitter:label2\" content=\"Est. reading time\" \/>\n\t<meta name=\"twitter:data2\" content=\"2 minutes\" \/>\n<script type=\"application\/ld+json\" class=\"yoast-schema-graph\">{\"@context\":\"https:\\\/\\\/schema.org\",\"@graph\":[{\"@type\":\"Article\",\"@id\":\"https:\\\/\\\/post-moderne.com\\\/en\\\/2022\\\/03\\\/offre-demploi-controle-qualite\\\/#article\",\"isPartOf\":{\"@id\":\"https:\\\/\\\/post-moderne.com\\\/en\\\/2022\\\/03\\\/offre-demploi-controle-qualite\\\/\"},\"author\":{\"name\":\"Ad\u00e8le Vendette\",\"@id\":\"https:\\\/\\\/post-moderne.com\\\/en\\\/#\\\/schema\\\/person\\\/3a1547e99484a64a82330e97e1aec38a\"},\"headline\":\"OFFRE D&#8217;EMPLOI &#8211; CONTR\u00d4LE QUALIT\u00c9\",\"datePublished\":\"2022-03-02T15:22:47+00:00\",\"dateModified\":\"2022-08-29T14:56:06+00:00\",\"mainEntityOfPage\":{\"@id\":\"https:\\\/\\\/post-moderne.com\\\/en\\\/2022\\\/03\\\/offre-demploi-controle-qualite\\\/\"},\"wordCount\":478,\"image\":{\"@id\":\"https:\\\/\\\/post-moderne.com\\\/en\\\/2022\\\/03\\\/offre-demploi-controle-qualite\\\/#primaryimage\"},\"thumbnailUrl\":\"https:\\\/\\\/post-moderne.com\\\/wp-content\\\/uploads\\\/2022\\\/03\\\/Contro\u0302lequalite\u0301_2-1_00.jpg\",\"articleSection\":[\"Offre d&#8217;emploi\"],\"inLanguage\":\"en-US\"},{\"@type\":\"WebPage\",\"@id\":\"https:\\\/\\\/post-moderne.com\\\/en\\\/2022\\\/03\\\/offre-demploi-controle-qualite\\\/\",\"url\":\"https:\\\/\\\/post-moderne.com\\\/en\\\/2022\\\/03\\\/offre-demploi-controle-qualite\\\/\",\"name\":\"OFFRE D'EMPLOI - CONTR\u00d4LE QUALIT\u00c9 - Post-Moderne\",\"isPartOf\":{\"@id\":\"https:\\\/\\\/post-moderne.com\\\/en\\\/#website\"},\"primaryImageOfPage\":{\"@id\":\"https:\\\/\\\/post-moderne.com\\\/en\\\/2022\\\/03\\\/offre-demploi-controle-qualite\\\/#primaryimage\"},\"image\":{\"@id\":\"https:\\\/\\\/post-moderne.com\\\/en\\\/2022\\\/03\\\/offre-demploi-controle-qualite\\\/#primaryimage\"},\"thumbnailUrl\":\"https:\\\/\\\/post-moderne.com\\\/wp-content\\\/uploads\\\/2022\\\/03\\\/Contro\u0302lequalite\u0301_2-1_00.jpg\",\"datePublished\":\"2022-03-02T15:22:47+00:00\",\"dateModified\":\"2022-08-29T14:56:06+00:00\",\"author\":{\"@id\":\"https:\\\/\\\/post-moderne.com\\\/en\\\/#\\\/schema\\\/person\\\/3a1547e99484a64a82330e97e1aec38a\"},\"description\":\"Post-Moderne Il ou elle travaillera en collaboration avec l\u2019\u00e9quipe d\u2019assistant(e)s monteurs, les coordonnatrices et les artistes.\",\"breadcrumb\":{\"@id\":\"https:\\\/\\\/post-moderne.com\\\/en\\\/2022\\\/03\\\/offre-demploi-controle-qualite\\\/#breadcrumb\"},\"inLanguage\":\"en-US\",\"potentialAction\":[{\"@type\":\"ReadAction\",\"target\":[\"https:\\\/\\\/post-moderne.com\\\/en\\\/2022\\\/03\\\/offre-demploi-controle-qualite\\\/\"]}]},{\"@type\":\"ImageObject\",\"inLanguage\":\"en-US\",\"@id\":\"https:\\\/\\\/post-moderne.com\\\/en\\\/2022\\\/03\\\/offre-demploi-controle-qualite\\\/#primaryimage\",\"url\":\"https:\\\/\\\/post-moderne.com\\\/wp-content\\\/uploads\\\/2022\\\/03\\\/Contro\u0302lequalite\u0301_2-1_00.jpg\",\"contentUrl\":\"https:\\\/\\\/post-moderne.com\\\/wp-content\\\/uploads\\\/2022\\\/03\\\/Contro\u0302lequalite\u0301_2-1_00.jpg\",\"width\":1080,\"height\":1080},{\"@type\":\"BreadcrumbList\",\"@id\":\"https:\\\/\\\/post-moderne.com\\\/en\\\/2022\\\/03\\\/offre-demploi-controle-qualite\\\/#breadcrumb\",\"itemListElement\":[{\"@type\":\"ListItem\",\"position\":1,\"name\":\"Accueil\",\"item\":\"https:\\\/\\\/post-moderne.com\\\/en\\\/\"},{\"@type\":\"ListItem\",\"position\":2,\"name\":\"OFFRE D&rsquo;EMPLOI &#8211; CONTR\u00d4LE QUALIT\u00c9\"}]},{\"@type\":\"WebSite\",\"@id\":\"https:\\\/\\\/post-moderne.com\\\/en\\\/#website\",\"url\":\"https:\\\/\\\/post-moderne.com\\\/en\\\/\",\"name\":\"Post-Moderne\",\"description\":\"\",\"potentialAction\":[{\"@type\":\"SearchAction\",\"target\":{\"@type\":\"EntryPoint\",\"urlTemplate\":\"https:\\\/\\\/post-moderne.com\\\/en\\\/?s={search_term_string}\"},\"query-input\":{\"@type\":\"PropertyValueSpecification\",\"valueRequired\":true,\"valueName\":\"search_term_string\"}}],\"inLanguage\":\"en-US\"},{\"@type\":\"Person\",\"@id\":\"https:\\\/\\\/post-moderne.com\\\/en\\\/#\\\/schema\\\/person\\\/3a1547e99484a64a82330e97e1aec38a\",\"name\":\"Ad\u00e8le Vendette\",\"image\":{\"@type\":\"ImageObject\",\"inLanguage\":\"en-US\",\"@id\":\"https:\\\/\\\/secure.gravatar.com\\\/avatar\\\/ccd2715088aa86b8ad7e4031c9e9216d3ef32a01d8e301e6cd8792770a3fb9f4?s=96&d=mm&r=g\",\"url\":\"https:\\\/\\\/secure.gravatar.com\\\/avatar\\\/ccd2715088aa86b8ad7e4031c9e9216d3ef32a01d8e301e6cd8792770a3fb9f4?s=96&d=mm&r=g\",\"contentUrl\":\"https:\\\/\\\/secure.gravatar.com\\\/avatar\\\/ccd2715088aa86b8ad7e4031c9e9216d3ef32a01d8e301e6cd8792770a3fb9f4?s=96&d=mm&r=g\",\"caption\":\"Ad\u00e8le Vendette\"}}]}<\/script>\n<!-- \/ Yoast SEO plugin. -->","yoast_head_json":{"title":"OFFRE D'EMPLOI - CONTR\u00d4LE QUALIT\u00c9 - Post-Moderne","description":"Post-Moderne Il ou elle travaillera en collaboration avec l\u2019\u00e9quipe d\u2019assistant(e)s monteurs, les coordonnatrices et les artistes.","robots":{"index":"noindex","follow":"follow"},"og_locale":"en_US","og_type":"article","og_title":"OFFRE D'EMPLOI - CONTR\u00d4LE QUALIT\u00c9 - Post-Moderne","og_description":"Post-Moderne Il ou elle travaillera en collaboration avec l\u2019\u00e9quipe d\u2019assistant(e)s monteurs, les coordonnatrices et les artistes.","og_url":"https:\/\/post-moderne.com\/en\/2022\/03\/offre-demploi-controle-qualite\/","og_site_name":"Post-Moderne","article_published_time":"2022-03-02T15:22:47+00:00","article_modified_time":"2022-08-29T14:56:06+00:00","og_image":[{"width":1080,"height":1080,"url":"https:\/\/post-moderne.com\/wp-content\/uploads\/2022\/03\/Contro\u0302lequalite\u0301_2-1_00.jpg","type":"image\/jpeg"}],"author":"Ad\u00e8le Vendette","twitter_card":"summary_large_image","twitter_misc":{"Written by":"Ad\u00e8le Vendette","Est. reading time":"2 minutes"},"schema":{"@context":"https:\/\/schema.org","@graph":[{"@type":"Article","@id":"https:\/\/post-moderne.com\/en\/2022\/03\/offre-demploi-controle-qualite\/#article","isPartOf":{"@id":"https:\/\/post-moderne.com\/en\/2022\/03\/offre-demploi-controle-qualite\/"},"author":{"name":"Ad\u00e8le Vendette","@id":"https:\/\/post-moderne.com\/en\/#\/schema\/person\/3a1547e99484a64a82330e97e1aec38a"},"headline":"OFFRE D&#8217;EMPLOI &#8211; CONTR\u00d4LE QUALIT\u00c9","datePublished":"2022-03-02T15:22:47+00:00","dateModified":"2022-08-29T14:56:06+00:00","mainEntityOfPage":{"@id":"https:\/\/post-moderne.com\/en\/2022\/03\/offre-demploi-controle-qualite\/"},"wordCount":478,"image":{"@id":"https:\/\/post-moderne.com\/en\/2022\/03\/offre-demploi-controle-qualite\/#primaryimage"},"thumbnailUrl":"https:\/\/post-moderne.com\/wp-content\/uploads\/2022\/03\/Contro\u0302lequalite\u0301_2-1_00.jpg","articleSection":["Offre d&#8217;emploi"],"inLanguage":"en-US"},{"@type":"WebPage","@id":"https:\/\/post-moderne.com\/en\/2022\/03\/offre-demploi-controle-qualite\/","url":"https:\/\/post-moderne.com\/en\/2022\/03\/offre-demploi-controle-qualite\/","name":"OFFRE D'EMPLOI - CONTR\u00d4LE QUALIT\u00c9 - Post-Moderne","isPartOf":{"@id":"https:\/\/post-moderne.com\/en\/#website"},"primaryImageOfPage":{"@id":"https:\/\/post-moderne.com\/en\/2022\/03\/offre-demploi-controle-qualite\/#primaryimage"},"image":{"@id":"https:\/\/post-moderne.com\/en\/2022\/03\/offre-demploi-controle-qualite\/#primaryimage"},"thumbnailUrl":"https:\/\/post-moderne.com\/wp-content\/uploads\/2022\/03\/Contro\u0302lequalite\u0301_2-1_00.jpg","datePublished":"2022-03-02T15:22:47+00:00","dateModified":"2022-08-29T14:56:06+00:00","author":{"@id":"https:\/\/post-moderne.com\/en\/#\/schema\/person\/3a1547e99484a64a82330e97e1aec38a"},"description":"Post-Moderne Il ou elle travaillera en collaboration avec l\u2019\u00e9quipe d\u2019assistant(e)s monteurs, les coordonnatrices et les artistes.","breadcrumb":{"@id":"https:\/\/post-moderne.com\/en\/2022\/03\/offre-demploi-controle-qualite\/#breadcrumb"},"inLanguage":"en-US","potentialAction":[{"@type":"ReadAction","target":["https:\/\/post-moderne.com\/en\/2022\/03\/offre-demploi-controle-qualite\/"]}]},{"@type":"ImageObject","inLanguage":"en-US","@id":"https:\/\/post-moderne.com\/en\/2022\/03\/offre-demploi-controle-qualite\/#primaryimage","url":"https:\/\/post-moderne.com\/wp-content\/uploads\/2022\/03\/Contro\u0302lequalite\u0301_2-1_00.jpg","contentUrl":"https:\/\/post-moderne.com\/wp-content\/uploads\/2022\/03\/Contro\u0302lequalite\u0301_2-1_00.jpg","width":1080,"height":1080},{"@type":"BreadcrumbList","@id":"https:\/\/post-moderne.com\/en\/2022\/03\/offre-demploi-controle-qualite\/#breadcrumb","itemListElement":[{"@type":"ListItem","position":1,"name":"Accueil","item":"https:\/\/post-moderne.com\/en\/"},{"@type":"ListItem","position":2,"name":"OFFRE D&rsquo;EMPLOI &#8211; CONTR\u00d4LE QUALIT\u00c9"}]},{"@type":"WebSite","@id":"https:\/\/post-moderne.com\/en\/#website","url":"https:\/\/post-moderne.com\/en\/","name":"Post-Moderne","description":"","potentialAction":[{"@type":"SearchAction","target":{"@type":"EntryPoint","urlTemplate":"https:\/\/post-moderne.com\/en\/?s={search_term_string}"},"query-input":{"@type":"PropertyValueSpecification","valueRequired":true,"valueName":"search_term_string"}}],"inLanguage":"en-US"},{"@type":"Person","@id":"https:\/\/post-moderne.com\/en\/#\/schema\/person\/3a1547e99484a64a82330e97e1aec38a","name":"Ad\u00e8le Vendette","image":{"@type":"ImageObject","inLanguage":"en-US","@id":"https:\/\/secure.gravatar.com\/avatar\/ccd2715088aa86b8ad7e4031c9e9216d3ef32a01d8e301e6cd8792770a3fb9f4?s=96&d=mm&r=g","url":"https:\/\/secure.gravatar.com\/avatar\/ccd2715088aa86b8ad7e4031c9e9216d3ef32a01d8e301e6cd8792770a3fb9f4?s=96&d=mm&r=g","contentUrl":"https:\/\/secure.gravatar.com\/avatar\/ccd2715088aa86b8ad7e4031c9e9216d3ef32a01d8e301e6cd8792770a3fb9f4?s=96&d=mm&r=g","caption":"Ad\u00e8le Vendette"}}]}},"_links":{"self":[{"href":"https:\/\/post-moderne.com\/en\/wp-json\/wp\/v2\/posts\/10823","targetHints":{"allow":["GET"]}}],"collection":[{"href":"https:\/\/post-moderne.com\/en\/wp-json\/wp\/v2\/posts"}],"about":[{"href":"https:\/\/post-moderne.com\/en\/wp-json\/wp\/v2\/types\/post"}],"author":[{"embeddable":true,"href":"https:\/\/post-moderne.com\/en\/wp-json\/wp\/v2\/users\/30"}],"replies":[{"embeddable":true,"href":"https:\/\/post-moderne.com\/en\/wp-json\/wp\/v2\/comments?post=10823"}],"version-history":[{"count":5,"href":"https:\/\/post-moderne.com\/en\/wp-json\/wp\/v2\/posts\/10823\/revisions"}],"predecessor-version":[{"id":11565,"href":"https:\/\/post-moderne.com\/en\/wp-json\/wp\/v2\/posts\/10823\/revisions\/11565"}],"wp:featuredmedia":[{"embeddable":true,"href":"https:\/\/post-moderne.com\/en\/wp-json\/wp\/v2\/media\/10820"}],"wp:attachment":[{"href":"https:\/\/post-moderne.com\/en\/wp-json\/wp\/v2\/media?parent=10823"}],"wp:term":[{"taxonomy":"category","embeddable":true,"href":"https:\/\/post-moderne.com\/en\/wp-json\/wp\/v2\/categories?post=10823"},{"taxonomy":"post_tag","embeddable":true,"href":"https:\/\/post-moderne.com\/en\/wp-json\/wp\/v2\/tags?post=10823"}],"curies":[{"name":"wp","href":"https:\/\/api.w.org\/{rel}","templated":true}]}}