{"id":10425,"date":"2021-09-21T13:26:34","date_gmt":"2021-09-21T17:26:34","guid":{"rendered":"https:\/\/post-moderne.com\/2021\/09\/offre-demploi-responsable-de-laccueil-et-du-service-client\/"},"modified":"2022-08-29T11:04:36","modified_gmt":"2022-08-29T15:04:36","slug":"offre-demploi-responsable-de-laccueil-et-du-service-client","status":"publish","type":"post","link":"https:\/\/post-moderne.com\/en\/2021\/09\/offre-demploi-responsable-de-laccueil-et-du-service-client\/","title":{"rendered":"RESPONSABLE DE L&#8217;ACCUEIL ET DU SERVICE-CLIENT"},"content":{"rendered":"<p><b>Description du poste<\/b><b>\u00a0<\/b><\/p>\n<p><span style=\"font-weight: 400;\">Nous recherchons une personne polyvalente, motiv\u00e9e et autonome qui occupera le poste de<\/span> <span style=\"font-weight: 400;\">responsable de l\u2019accueil et du service-client. Il\u00b7elle sera charg\u00e9\u00b7e de soutenir autant les activit\u00e9s<\/span> <span style=\"font-weight: 400;\">de service aux clients que celles de la r\u00e9ception et de la vie de bureau.<\/span><span style=\"font-weight: 400;\">\u00a0<\/span><\/p>\n<p><b>Principales responsabilit\u00e9s<\/b><\/p>\n<ul>\n<li style=\"font-weight: 400;\" aria-level=\"1\"><span style=\"font-weight: 400;\">Accueillir et veiller au bien-\u00eatre des clients tout au long de la journ\u00e9e<\/span><span style=\"font-weight: 400;\">\u00a0<\/span><\/li>\n<li style=\"font-weight: 400;\" aria-level=\"1\"><span style=\"font-weight: 400;\">R\u00e9pondre aux demandes ponctuelles et spontan\u00e9es des clients\u00a0<\/span><\/li>\n<li style=\"font-weight: 400;\" aria-level=\"1\"><span style=\"font-weight: 400;\">R\u00e9pondre au t\u00e9l\u00e9phone, transf\u00e9rer les appels aux personnes concern\u00e9es, transmettre les<\/span> <span style=\"font-weight: 400;\">messages<\/span><\/li>\n<li style=\"font-weight: 400;\" aria-level=\"1\"><span style=\"font-weight: 400;\">Proc\u00e9der \u00e0 l\u2019envoi, \u00e0 la r\u00e9ception et \u00e0 la distribution du courrier et assurer la logistique des livraisons\u00a0<\/span><\/li>\n<li style=\"font-weight: 400;\" aria-level=\"1\"><span style=\"font-weight: 400;\">Responsable de la propret\u00e9, de l\u2019organisation et de la convivialit\u00e9 des espaces communs (cuisines, salles \u00e0 manger, espaces de r\u00e9unions etc.)\u00a0<\/span><\/li>\n<li style=\"font-weight: 400;\" aria-level=\"1\"><span style=\"font-weight: 400;\">S\u2019assurer des approvisionnements des cuisines, de la papeterie, etc.<\/span><span style=\"font-weight: 400;\">\u00a0<\/span><\/li>\n<li style=\"font-weight: 400;\" aria-level=\"1\"><span style=\"font-weight: 400;\">Participer \u00e0 l\u2019organisation d\u2019\u00e9v\u00e9nements : ateliers de formation, activit\u00e9s sociales,<\/span> <span style=\"font-weight: 400;\">c\u00e9l\u00e9bration des anniversaires, etc.<\/span><span style=\"font-weight: 400;\">\u00a0<\/span><\/li>\n<li style=\"font-weight: 400;\" aria-level=\"1\"><span style=\"font-weight: 400;\">Contribuer \u00e0 la joie de vivre de l\u2019\u00e9quipe au quotidien<\/span><span style=\"font-weight: 400;\">\u00a0<\/span><\/li>\n<\/ul>\n<p>&nbsp;<\/p>\n<p><b>Profil recherch\u00e9<\/b><b>\u00a0<\/b><\/p>\n<ul>\n<li style=\"font-weight: 400;\" aria-level=\"1\"><span style=\"font-weight: 400;\">Personnalit\u00e9 accueillante<\/span><span style=\"font-weight: 400;\">\u00a0<\/span><\/li>\n<li style=\"font-weight: 400;\" aria-level=\"1\"><span style=\"font-weight: 400;\">Autonomie et professionnalisme<\/span><span style=\"font-weight: 400;\">\u00a0<\/span><\/li>\n<li style=\"font-weight: 400;\" aria-level=\"1\"><span style=\"font-weight: 400;\">Ouverture aux changements et capacit\u00e9 d\u2019adaptation<\/span><span style=\"font-weight: 400;\">\u00a0<\/span><\/li>\n<li style=\"font-weight: 400;\" aria-level=\"1\"><span style=\"font-weight: 400;\">Excellente organisation, gestion des priorit\u00e9s et capacit\u00e9 \u00e0 g\u00e9rer plusieurs t\u00e2ches \u00e0 la<\/span> <span style=\"font-weight: 400;\">fois<\/span><span style=\"font-weight: 400;\">\u00a0<\/span><\/li>\n<li style=\"font-weight: 400;\" aria-level=\"1\"><span style=\"font-weight: 400;\">Excellente ma\u00eetrise de l\u2019anglais et du fran\u00e7ais, tant \u00e0 l\u2019oral qu\u2019\u00e0 l\u2019\u00e9crit<\/span><span style=\"font-weight: 400;\">\u00a0<\/span><\/li>\n<li style=\"font-weight: 400;\" aria-level=\"1\"><span style=\"font-weight: 400;\">Exp\u00e9rience en r\u00e9ception et\/ou en restauration un atout<\/span><\/li>\n<\/ul>\n<p>&nbsp;<\/p>\n<p><b>\u00c0 propos de Post-Moderne<\/b><\/p>\n<p><span style=\"font-weight: 400;\">Situ\u00e9e en plein c\u0153ur du Mile-End, Post-Moderne est une maison de postproduction et de location de cam\u00e9ras oeuvrant dans les domaines du cin\u00e9ma, de la publicit\u00e9 et de la t\u00e9l\u00e9vision depuis pr\u00e8s de 20 ans.<\/span><\/p>\n<p>&nbsp;<\/p>\n<p><span style=\"font-weight: 400;\">Notre mission : Offrir un service authentique et un accompagnement personnalis\u00e9 aux cin\u00e9astes et artisans d\u2019ici, de l\u2019id\u00e9e jusqu\u2019\u00e0 la diffusion. Gr\u00e2ce \u00e0 notre service de location d\u2019\u00e9quipements, nos salles de montage, nos artistes, ainsi que notre salle de cin\u00e9ma, nos collaborateurs profitent d\u2019un environnement chaleureux et humain pour la r\u00e9alisation de leurs projets. En parall\u00e8le, le Cin\u00e9ma Moderne s\u2019inscrit comme un lieu de diffusion unique, vibrant et chaleureux, \u00e0 \u00e9chelle humaine, qui rassemble le public et les cr\u00e9ateurs.\u00a0<\/span><\/p>\n<p>&nbsp;<\/p>\n<p><span style=\"font-weight: 400;\">Veuillez faire parvenir votre candidature \u00e0 <\/span><a href=\"mailto:rh@post-moderne.com\"><b>rh@post-moderne.com<\/b><\/a><b>.<\/b><\/p>\n<p>&nbsp;<\/p>\n<p><span style=\"font-weight: 400;\">Post-Moderne<\/span><span style=\"font-weight: 400;\"> remercie tous les candidat\u00b7e\u00b7s de leur int\u00e9r\u00eat. Seules les personnes retenues seront contact\u00e9es pour une entrevue.<\/span><\/p>\n","protected":false},"excerpt":{"rendered":"<p>Description du poste\u00a0 Nous recherchons une personne polyvalente, motiv\u00e9e et autonome qui occupera le poste de responsable de l\u2019accueil et&#8230;<\/p>\n","protected":false},"author":23,"featured_media":10836,"comment_status":"closed","ping_status":"closed","sticky":false,"template":"","format":"standard","meta":{"_acf_changed":false,"footnotes":""},"categories":[1782],"tags":[],"class_list":["post-10425","post","type-post","status-publish","format-standard","has-post-thumbnail","hentry","category-offre-demploi-en"],"acf":[],"yoast_head":"<!-- This site is optimized with the Yoast SEO plugin v27.3 - https:\/\/yoast.com\/product\/yoast-seo-wordpress\/ -->\n<title>RESPONSABLE DE L&#039;ACCUEIL ET DU SERVICE-CLIENT - Post-Moderne<\/title>\n<meta name=\"robots\" content=\"noindex, follow\" \/>\n<meta property=\"og:locale\" content=\"en_US\" \/>\n<meta property=\"og:type\" content=\"article\" \/>\n<meta property=\"og:title\" content=\"RESPONSABLE DE L&#039;ACCUEIL ET DU SERVICE-CLIENT - Post-Moderne\" \/>\n<meta property=\"og:description\" content=\"Description du poste\u00a0 Nous recherchons une personne polyvalente, motiv\u00e9e et autonome qui occupera le poste de responsable de l\u2019accueil et...\" \/>\n<meta property=\"og:url\" content=\"https:\/\/post-moderne.com\/en\/2021\/09\/offre-demploi-responsable-de-laccueil-et-du-service-client\/\" \/>\n<meta property=\"og:site_name\" content=\"Post-Moderne\" \/>\n<meta property=\"article:published_time\" content=\"2021-09-21T17:26:34+00:00\" \/>\n<meta property=\"article:modified_time\" content=\"2022-08-29T15:04:36+00:00\" \/>\n<meta property=\"og:image\" content=\"https:\/\/post-moderne.com\/wp-content\/uploads\/2022\/03\/Copie-de-Copie-de-paleOffre-Post-Moderne-Assistante-monteurseuse.png\" \/>\n\t<meta property=\"og:image:width\" content=\"1080\" \/>\n\t<meta property=\"og:image:height\" content=\"1080\" \/>\n\t<meta property=\"og:image:type\" content=\"image\/png\" \/>\n<meta name=\"author\" content=\"Coordo\" \/>\n<meta name=\"twitter:card\" content=\"summary_large_image\" \/>\n<meta name=\"twitter:label1\" content=\"Written by\" \/>\n\t<meta name=\"twitter:data1\" content=\"Coordo\" \/>\n\t<meta name=\"twitter:label2\" content=\"Est. reading time\" \/>\n\t<meta name=\"twitter:data2\" content=\"2 minutes\" \/>\n<script type=\"application\/ld+json\" class=\"yoast-schema-graph\">{\"@context\":\"https:\\\/\\\/schema.org\",\"@graph\":[{\"@type\":\"Article\",\"@id\":\"https:\\\/\\\/post-moderne.com\\\/en\\\/2021\\\/09\\\/offre-demploi-responsable-de-laccueil-et-du-service-client\\\/#article\",\"isPartOf\":{\"@id\":\"https:\\\/\\\/post-moderne.com\\\/en\\\/2021\\\/09\\\/offre-demploi-responsable-de-laccueil-et-du-service-client\\\/\"},\"author\":{\"name\":\"Coordo\",\"@id\":\"https:\\\/\\\/post-moderne.com\\\/en\\\/#\\\/schema\\\/person\\\/f89903cd0ecd6b7d80b810195790d6f9\"},\"headline\":\"RESPONSABLE DE L&#8217;ACCUEIL ET DU SERVICE-CLIENT\",\"datePublished\":\"2021-09-21T17:26:34+00:00\",\"dateModified\":\"2022-08-29T15:04:36+00:00\",\"mainEntityOfPage\":{\"@id\":\"https:\\\/\\\/post-moderne.com\\\/en\\\/2021\\\/09\\\/offre-demploi-responsable-de-laccueil-et-du-service-client\\\/\"},\"wordCount\":404,\"image\":{\"@id\":\"https:\\\/\\\/post-moderne.com\\\/en\\\/2021\\\/09\\\/offre-demploi-responsable-de-laccueil-et-du-service-client\\\/#primaryimage\"},\"thumbnailUrl\":\"https:\\\/\\\/post-moderne.com\\\/wp-content\\\/uploads\\\/2022\\\/03\\\/Copie-de-Copie-de-paleOffre-Post-Moderne-Assistante-monteurseuse.png\",\"articleSection\":[\"Offre d&#8217;emploi\"],\"inLanguage\":\"en-US\"},{\"@type\":\"WebPage\",\"@id\":\"https:\\\/\\\/post-moderne.com\\\/en\\\/2021\\\/09\\\/offre-demploi-responsable-de-laccueil-et-du-service-client\\\/\",\"url\":\"https:\\\/\\\/post-moderne.com\\\/en\\\/2021\\\/09\\\/offre-demploi-responsable-de-laccueil-et-du-service-client\\\/\",\"name\":\"RESPONSABLE DE L'ACCUEIL ET DU SERVICE-CLIENT - Post-Moderne\",\"isPartOf\":{\"@id\":\"https:\\\/\\\/post-moderne.com\\\/en\\\/#website\"},\"primaryImageOfPage\":{\"@id\":\"https:\\\/\\\/post-moderne.com\\\/en\\\/2021\\\/09\\\/offre-demploi-responsable-de-laccueil-et-du-service-client\\\/#primaryimage\"},\"image\":{\"@id\":\"https:\\\/\\\/post-moderne.com\\\/en\\\/2021\\\/09\\\/offre-demploi-responsable-de-laccueil-et-du-service-client\\\/#primaryimage\"},\"thumbnailUrl\":\"https:\\\/\\\/post-moderne.com\\\/wp-content\\\/uploads\\\/2022\\\/03\\\/Copie-de-Copie-de-paleOffre-Post-Moderne-Assistante-monteurseuse.png\",\"datePublished\":\"2021-09-21T17:26:34+00:00\",\"dateModified\":\"2022-08-29T15:04:36+00:00\",\"author\":{\"@id\":\"https:\\\/\\\/post-moderne.com\\\/en\\\/#\\\/schema\\\/person\\\/f89903cd0ecd6b7d80b810195790d6f9\"},\"breadcrumb\":{\"@id\":\"https:\\\/\\\/post-moderne.com\\\/en\\\/2021\\\/09\\\/offre-demploi-responsable-de-laccueil-et-du-service-client\\\/#breadcrumb\"},\"inLanguage\":\"en-US\",\"potentialAction\":[{\"@type\":\"ReadAction\",\"target\":[\"https:\\\/\\\/post-moderne.com\\\/en\\\/2021\\\/09\\\/offre-demploi-responsable-de-laccueil-et-du-service-client\\\/\"]}]},{\"@type\":\"ImageObject\",\"inLanguage\":\"en-US\",\"@id\":\"https:\\\/\\\/post-moderne.com\\\/en\\\/2021\\\/09\\\/offre-demploi-responsable-de-laccueil-et-du-service-client\\\/#primaryimage\",\"url\":\"https:\\\/\\\/post-moderne.com\\\/wp-content\\\/uploads\\\/2022\\\/03\\\/Copie-de-Copie-de-paleOffre-Post-Moderne-Assistante-monteurseuse.png\",\"contentUrl\":\"https:\\\/\\\/post-moderne.com\\\/wp-content\\\/uploads\\\/2022\\\/03\\\/Copie-de-Copie-de-paleOffre-Post-Moderne-Assistante-monteurseuse.png\",\"width\":1080,\"height\":1080},{\"@type\":\"BreadcrumbList\",\"@id\":\"https:\\\/\\\/post-moderne.com\\\/en\\\/2021\\\/09\\\/offre-demploi-responsable-de-laccueil-et-du-service-client\\\/#breadcrumb\",\"itemListElement\":[{\"@type\":\"ListItem\",\"position\":1,\"name\":\"Accueil\",\"item\":\"https:\\\/\\\/post-moderne.com\\\/en\\\/\"},{\"@type\":\"ListItem\",\"position\":2,\"name\":\"RESPONSABLE DE L&rsquo;ACCUEIL ET DU SERVICE-CLIENT\"}]},{\"@type\":\"WebSite\",\"@id\":\"https:\\\/\\\/post-moderne.com\\\/en\\\/#website\",\"url\":\"https:\\\/\\\/post-moderne.com\\\/en\\\/\",\"name\":\"Post-Moderne\",\"description\":\"\",\"potentialAction\":[{\"@type\":\"SearchAction\",\"target\":{\"@type\":\"EntryPoint\",\"urlTemplate\":\"https:\\\/\\\/post-moderne.com\\\/en\\\/?s={search_term_string}\"},\"query-input\":{\"@type\":\"PropertyValueSpecification\",\"valueRequired\":true,\"valueName\":\"search_term_string\"}}],\"inLanguage\":\"en-US\"},{\"@type\":\"Person\",\"@id\":\"https:\\\/\\\/post-moderne.com\\\/en\\\/#\\\/schema\\\/person\\\/f89903cd0ecd6b7d80b810195790d6f9\",\"name\":\"Coordo\",\"image\":{\"@type\":\"ImageObject\",\"inLanguage\":\"en-US\",\"@id\":\"https:\\\/\\\/secure.gravatar.com\\\/avatar\\\/1fda65e374b0df87ec8485b7e42c9adfc0e6d4377441b2d4be281792e56e8b0d?s=96&d=mm&r=g\",\"url\":\"https:\\\/\\\/secure.gravatar.com\\\/avatar\\\/1fda65e374b0df87ec8485b7e42c9adfc0e6d4377441b2d4be281792e56e8b0d?s=96&d=mm&r=g\",\"contentUrl\":\"https:\\\/\\\/secure.gravatar.com\\\/avatar\\\/1fda65e374b0df87ec8485b7e42c9adfc0e6d4377441b2d4be281792e56e8b0d?s=96&d=mm&r=g\",\"caption\":\"Coordo\"}}]}<\/script>\n<!-- \/ Yoast SEO plugin. -->","yoast_head_json":{"title":"RESPONSABLE DE L'ACCUEIL ET DU SERVICE-CLIENT - Post-Moderne","robots":{"index":"noindex","follow":"follow"},"og_locale":"en_US","og_type":"article","og_title":"RESPONSABLE DE L'ACCUEIL ET DU SERVICE-CLIENT - Post-Moderne","og_description":"Description du poste\u00a0 Nous recherchons une personne polyvalente, motiv\u00e9e et autonome qui occupera le poste de responsable de l\u2019accueil et...","og_url":"https:\/\/post-moderne.com\/en\/2021\/09\/offre-demploi-responsable-de-laccueil-et-du-service-client\/","og_site_name":"Post-Moderne","article_published_time":"2021-09-21T17:26:34+00:00","article_modified_time":"2022-08-29T15:04:36+00:00","og_image":[{"width":1080,"height":1080,"url":"https:\/\/post-moderne.com\/wp-content\/uploads\/2022\/03\/Copie-de-Copie-de-paleOffre-Post-Moderne-Assistante-monteurseuse.png","type":"image\/png"}],"author":"Coordo","twitter_card":"summary_large_image","twitter_misc":{"Written by":"Coordo","Est. reading time":"2 minutes"},"schema":{"@context":"https:\/\/schema.org","@graph":[{"@type":"Article","@id":"https:\/\/post-moderne.com\/en\/2021\/09\/offre-demploi-responsable-de-laccueil-et-du-service-client\/#article","isPartOf":{"@id":"https:\/\/post-moderne.com\/en\/2021\/09\/offre-demploi-responsable-de-laccueil-et-du-service-client\/"},"author":{"name":"Coordo","@id":"https:\/\/post-moderne.com\/en\/#\/schema\/person\/f89903cd0ecd6b7d80b810195790d6f9"},"headline":"RESPONSABLE DE L&#8217;ACCUEIL ET DU SERVICE-CLIENT","datePublished":"2021-09-21T17:26:34+00:00","dateModified":"2022-08-29T15:04:36+00:00","mainEntityOfPage":{"@id":"https:\/\/post-moderne.com\/en\/2021\/09\/offre-demploi-responsable-de-laccueil-et-du-service-client\/"},"wordCount":404,"image":{"@id":"https:\/\/post-moderne.com\/en\/2021\/09\/offre-demploi-responsable-de-laccueil-et-du-service-client\/#primaryimage"},"thumbnailUrl":"https:\/\/post-moderne.com\/wp-content\/uploads\/2022\/03\/Copie-de-Copie-de-paleOffre-Post-Moderne-Assistante-monteurseuse.png","articleSection":["Offre d&#8217;emploi"],"inLanguage":"en-US"},{"@type":"WebPage","@id":"https:\/\/post-moderne.com\/en\/2021\/09\/offre-demploi-responsable-de-laccueil-et-du-service-client\/","url":"https:\/\/post-moderne.com\/en\/2021\/09\/offre-demploi-responsable-de-laccueil-et-du-service-client\/","name":"RESPONSABLE DE L'ACCUEIL ET DU SERVICE-CLIENT - Post-Moderne","isPartOf":{"@id":"https:\/\/post-moderne.com\/en\/#website"},"primaryImageOfPage":{"@id":"https:\/\/post-moderne.com\/en\/2021\/09\/offre-demploi-responsable-de-laccueil-et-du-service-client\/#primaryimage"},"image":{"@id":"https:\/\/post-moderne.com\/en\/2021\/09\/offre-demploi-responsable-de-laccueil-et-du-service-client\/#primaryimage"},"thumbnailUrl":"https:\/\/post-moderne.com\/wp-content\/uploads\/2022\/03\/Copie-de-Copie-de-paleOffre-Post-Moderne-Assistante-monteurseuse.png","datePublished":"2021-09-21T17:26:34+00:00","dateModified":"2022-08-29T15:04:36+00:00","author":{"@id":"https:\/\/post-moderne.com\/en\/#\/schema\/person\/f89903cd0ecd6b7d80b810195790d6f9"},"breadcrumb":{"@id":"https:\/\/post-moderne.com\/en\/2021\/09\/offre-demploi-responsable-de-laccueil-et-du-service-client\/#breadcrumb"},"inLanguage":"en-US","potentialAction":[{"@type":"ReadAction","target":["https:\/\/post-moderne.com\/en\/2021\/09\/offre-demploi-responsable-de-laccueil-et-du-service-client\/"]}]},{"@type":"ImageObject","inLanguage":"en-US","@id":"https:\/\/post-moderne.com\/en\/2021\/09\/offre-demploi-responsable-de-laccueil-et-du-service-client\/#primaryimage","url":"https:\/\/post-moderne.com\/wp-content\/uploads\/2022\/03\/Copie-de-Copie-de-paleOffre-Post-Moderne-Assistante-monteurseuse.png","contentUrl":"https:\/\/post-moderne.com\/wp-content\/uploads\/2022\/03\/Copie-de-Copie-de-paleOffre-Post-Moderne-Assistante-monteurseuse.png","width":1080,"height":1080},{"@type":"BreadcrumbList","@id":"https:\/\/post-moderne.com\/en\/2021\/09\/offre-demploi-responsable-de-laccueil-et-du-service-client\/#breadcrumb","itemListElement":[{"@type":"ListItem","position":1,"name":"Accueil","item":"https:\/\/post-moderne.com\/en\/"},{"@type":"ListItem","position":2,"name":"RESPONSABLE DE L&rsquo;ACCUEIL ET DU SERVICE-CLIENT"}]},{"@type":"WebSite","@id":"https:\/\/post-moderne.com\/en\/#website","url":"https:\/\/post-moderne.com\/en\/","name":"Post-Moderne","description":"","potentialAction":[{"@type":"SearchAction","target":{"@type":"EntryPoint","urlTemplate":"https:\/\/post-moderne.com\/en\/?s={search_term_string}"},"query-input":{"@type":"PropertyValueSpecification","valueRequired":true,"valueName":"search_term_string"}}],"inLanguage":"en-US"},{"@type":"Person","@id":"https:\/\/post-moderne.com\/en\/#\/schema\/person\/f89903cd0ecd6b7d80b810195790d6f9","name":"Coordo","image":{"@type":"ImageObject","inLanguage":"en-US","@id":"https:\/\/secure.gravatar.com\/avatar\/1fda65e374b0df87ec8485b7e42c9adfc0e6d4377441b2d4be281792e56e8b0d?s=96&d=mm&r=g","url":"https:\/\/secure.gravatar.com\/avatar\/1fda65e374b0df87ec8485b7e42c9adfc0e6d4377441b2d4be281792e56e8b0d?s=96&d=mm&r=g","contentUrl":"https:\/\/secure.gravatar.com\/avatar\/1fda65e374b0df87ec8485b7e42c9adfc0e6d4377441b2d4be281792e56e8b0d?s=96&d=mm&r=g","caption":"Coordo"}}]}},"_links":{"self":[{"href":"https:\/\/post-moderne.com\/en\/wp-json\/wp\/v2\/posts\/10425","targetHints":{"allow":["GET"]}}],"collection":[{"href":"https:\/\/post-moderne.com\/en\/wp-json\/wp\/v2\/posts"}],"about":[{"href":"https:\/\/post-moderne.com\/en\/wp-json\/wp\/v2\/types\/post"}],"author":[{"embeddable":true,"href":"https:\/\/post-moderne.com\/en\/wp-json\/wp\/v2\/users\/23"}],"replies":[{"embeddable":true,"href":"https:\/\/post-moderne.com\/en\/wp-json\/wp\/v2\/comments?post=10425"}],"version-history":[{"count":9,"href":"https:\/\/post-moderne.com\/en\/wp-json\/wp\/v2\/posts\/10425\/revisions"}],"predecessor-version":[{"id":11573,"href":"https:\/\/post-moderne.com\/en\/wp-json\/wp\/v2\/posts\/10425\/revisions\/11573"}],"wp:featuredmedia":[{"embeddable":true,"href":"https:\/\/post-moderne.com\/en\/wp-json\/wp\/v2\/media\/10836"}],"wp:attachment":[{"href":"https:\/\/post-moderne.com\/en\/wp-json\/wp\/v2\/media?parent=10425"}],"wp:term":[{"taxonomy":"category","embeddable":true,"href":"https:\/\/post-moderne.com\/en\/wp-json\/wp\/v2\/categories?post=10425"},{"taxonomy":"post_tag","embeddable":true,"href":"https:\/\/post-moderne.com\/en\/wp-json\/wp\/v2\/tags?post=10425"}],"curies":[{"name":"wp","href":"https:\/\/api.w.org\/{rel}","templated":true}]}}